{"id":16691,"date":"2026-09-02T13:44:53","date_gmt":"2026-09-02T16:44:53","guid":{"rendered":"https:\/\/sintonizeaqui.com.br\/sintonize\/?p=16691"},"modified":"2026-09-02T13:46:55","modified_gmt":"2026-09-02T16:46:55","slug":"fecon-2026-comeca-com-grande-movimento-e-reune-condicoes-imperdiveis-para-o-produtor-rural","status":"publish","type":"post","link":"https:\/\/sintonizeaqui.com.br\/sintonize\/fecon-2026-comeca-com-grande-movimento-e-reune-condicoes-imperdiveis-para-o-produtor-rural\/","title":{"rendered":"Fecon 2026 come\u00e7a com grande movimento e re\u00fane condi\u00e7\u00f5es imperd\u00edveis para o produtor rural"},"content":{"rendered":"<div class='booster-block booster-read-block'><\/div>\n<p class=\"has-medium-font-size wp-block-paragraph\"><em><strong>Feira Cocatrel de Neg\u00f3cios re\u00fane cooperados, produtores, fornecedores e parceiros em tr\u00eas dias de neg\u00f3cios, conhecimento e relacionamento<\/strong><\/em><\/p>\n\n\n\n<p class=\"has-medium-font-size wp-block-paragraph\">A abertura da 21\u00aa Feira Cocatrel de Neg\u00f3cios (Fecon) come\u00e7ou com grande movimenta\u00e7\u00e3o de cooperados e produtores rurais em Tr\u00eas Pontas (MG). Desde as primeiras horas do evento, o p\u00fablico j\u00e1 circulava pelos espa\u00e7os da feira em busca das condi\u00e7\u00f5es comerciais diferenciadas, novidades e solu\u00e7\u00f5es oferecidas pela Cocatrel e pelas empresas parceiras.<\/p>\n\n\n\n<p class=\"has-medium-font-size wp-block-paragraph\">Promovida pela Cocatrel, a Fecon re\u00fane, em um \u00fanico ambiente, um amplo portf\u00f3lio de produtos e servi\u00e7os voltados ao produtor rural, incluindo insumos, defensivos agr\u00edcolas, fertilizantes, m\u00e1quinas e implementos, al\u00e9m de op\u00e7\u00f5es de cr\u00e9dito, atendimento t\u00e9cnico especializado e diferentes modalidades para a realiza\u00e7\u00e3o de neg\u00f3cios.<\/p>\n\n\n<div class=\"wp-block-image\">\n<figure class=\"aligncenter size-full\"><img decoding=\"async\" width=\"611\" height=\"443\" src=\"https:\/\/sintonizeaqui.com.br\/sintonize\/wp-content\/uploads\/2026\/09\/21-Fecon-2026-Cobertura-2.jpg\" alt=\"Fecon 2026 come\u00e7a com grande movimento e re\u00fane condi\u00e7\u00f5es imperd\u00edveis para o produtor rural\" class=\"wp-image-16694\" srcset=\"https:\/\/sintonizeaqui.com.br\/sintonize\/wp-content\/uploads\/2026\/09\/21-Fecon-2026-Cobertura-2.jpg 611w, https:\/\/sintonizeaqui.com.br\/sintonize\/wp-content\/uploads\/2026\/09\/21-Fecon-2026-Cobertura-2-300x218.jpg 300w\" sizes=\"(max-width: 611px) 100vw, 611px\" \/><figcaption class=\"wp-element-caption\">Fecon 2026 come\u00e7a com grande movimento e re\u00fane condi\u00e7\u00f5es imperd\u00edveis para o produtor rural<\/figcaption><\/figure>\n<\/div>\n\n\n<p class=\"has-medium-font-size wp-block-paragraph\">Para o presidente da Cocatrel, Jacques Fagundes Miari, a Fecon \u00e9 um momento estrat\u00e9gico para que o produtor avalie suas necessidades, planeje os pr\u00f3ximos passos e aproveite condi\u00e7\u00f5es diferenciadas. \u201c\u00c9 uma grande oportunidade para negociar com pre\u00e7os especiais e em diferentes modalidades de pagamento. Criamos um ambiente confort\u00e1vel, onde reunimos fornecedores e parceiros para oferecer as melhores condi\u00e7\u00f5es do ano\u201d, destaca.<\/p>\n\n\n\n<p class=\"has-medium-font-size wp-block-paragraph\">Segundo ele, o atual cen\u00e1rio do agroneg\u00f3cio exige planejamento por parte dos produtores na hora de tomar decis\u00f5es. \u201cEssa safra tem sido desafiadora para o produtor, frente a tantas intemp\u00e9ries, e este \u00e9 um momento que exige aten\u00e7\u00e3o para tomar decis\u00f5es de maneira assertiva. E nossa equipe est\u00e1 em peso aqui na feira, \u00e0 disposi\u00e7\u00e3o para orientar os produtores quanto a melhor estrat\u00e9gia\u201d, orienta Jacques.<\/p>\n\n\n\n<p class=\"has-medium-font-size wp-block-paragraph\"><strong><mark style=\"background-color:rgba(0, 0, 0, 0)\" class=\"has-inline-color has-vivid-cyan-blue-color\">Solu\u00e7\u00f5es reunidas em um s\u00f3 lugar<\/mark><\/strong><\/p>\n\n\n\n<p class=\"has-medium-font-size wp-block-paragraph\">Uma das vantagens da Fecon 2026 \u00e9 a possibilidade de neg\u00f3cios utilizando a opera\u00e7\u00e3o de Barter como forma de pagamento. A modalidade permite ao produtor negociar sua produ\u00e7\u00e3o agr\u00edcola em troca de produtos e insumos, ampliando as op\u00e7\u00f5es dispon\u00edveis para neg\u00f3cio, facilitando o planejamento da propriedade.<\/p>\n\n\n\n<p class=\"has-medium-font-size wp-block-paragraph\">Outro diferencial \u00e9 a presen\u00e7a do setor de M\u00e1quinas e Implementos no pr\u00f3prio local da feira, com uma equipe especializada para apresentar aos cooperados toda a gama de equipamentos, bem como esclarecer d\u00favidas e auxiliar na aquisi\u00e7\u00e3o de maquin\u00e1rios.<\/p>\n\n\n\n<p class=\"has-medium-font-size wp-block-paragraph\">Para o diretor Comercial da Cocatrel, Fl\u00e1vio Guerra, mais do que uma feira de neg\u00f3cios, a Fecon se consolida como um espa\u00e7o de encontro entre produtores, cooperativa, empresas e parceiros, fortalecendo o relacionamento e trazendo novas oportunidades para quem vive e trabalha no campo. Abaixo, ele lista algumas das vantagens que est\u00e3o sendo oferecidas durante a feira:<\/p>\n\n\n\n<ul class=\"wp-block-list\">\n<li class=\"has-medium-font-size\">condi\u00e7\u00f5es especiais para aquisi\u00e7\u00e3o de insumos, fertilizantes, defensivos agr\u00edcolas, m\u00e1quinas e implementos;<\/li>\n\n\n\n<li class=\"has-medium-font-size\">possibilidade de utiliza\u00e7\u00e3o da opera\u00e7\u00e3o de Barter na realiza\u00e7\u00e3o de neg\u00f3cios;<\/li>\n\n\n\n<li class=\"has-medium-font-size\">atendimento e consultoria t\u00e9cnica especializada;<\/li>\n\n\n\n<li class=\"has-medium-font-size\">setor de M\u00e1quinas e Implementos da Cocatrel presente no evento para atendimento aos cooperados;<\/li>\n\n\n\n<li class=\"has-medium-font-size\">acesso facilitado a cr\u00e9dito rural por meio de institui\u00e7\u00f5es financeiras parceiras;<\/li>\n\n\n\n<li class=\"has-medium-font-size\">atualiza\u00e7\u00e3o cadastral dos cooperados;<\/li>\n\n\n\n<li class=\"has-medium-font-size\">contato direto com fornecedores e empresas parceiras;<\/li>\n\n\n\n<li class=\"has-medium-font-size\">apresenta\u00e7\u00e3o de novidades, tecnologias e solu\u00e7\u00f5es para o agroneg\u00f3cio.<\/li>\n\n\n\n<li class=\"has-medium-font-size\">inova\u00e7\u00e3o, relacionamento e oportunidades.<\/li>\n<\/ul>\n\n\n\n<p class=\"wp-block-paragraph\"><\/p>\n\n\n\n<p class=\"has-medium-font-size wp-block-paragraph\">A programa\u00e7\u00e3o da Fecon 2026 segue at\u00e9 3 de setembro, oferecendo aos cooperados e produtores rurais a oportunidade de conhecer as solu\u00e7\u00f5es dispon\u00edveis, conversar com especialistas, negociar com fornecedores e aproveitar as condi\u00e7\u00f5es especiais preparadas para o evento.<\/p>\n\n\n\n<p class=\"has-medium-font-size wp-block-paragraph\"><strong><mark style=\"background-color:rgba(0, 0, 0, 0)\" class=\"has-inline-color has-vivid-cyan-blue-color\">Feira Cocatrel de Neg\u00f3cios<\/mark><br>Data:<\/strong> 1\u00ba a 3 de setembro<br><strong>Hor\u00e1rio:<\/strong> 8h \u00e0s 17h30<br><strong>Local:<\/strong> Espa\u00e7o Cocatrel, ao lado da Cafeteria, em Tr\u00eas Pontas (MG), com realiza\u00e7\u00e3o simult\u00e2nea em todas as filiais da Cooperativa.<\/p>\n\n\n\n<figure class=\"wp-block-gallery has-nested-images columns-default is-cropped wp-block-gallery-1 is-layout-flex wp-block-gallery-is-layout-flex\">\n<figure class=\"wp-block-image size-large\"><img decoding=\"async\" width=\"640\" height=\"480\" data-id=\"16695\" src=\"https:\/\/sintonizeaqui.com.br\/sintonize\/wp-content\/uploads\/2026\/09\/21-Fecon-2026-Cobertura-3.jpg\" alt=\"Fecon 2026 come\u00e7a com grande movimento e re\u00fane condi\u00e7\u00f5es imperd\u00edveis para o produtor rural\" class=\"wp-image-16695\" srcset=\"https:\/\/sintonizeaqui.com.br\/sintonize\/wp-content\/uploads\/2026\/09\/21-Fecon-2026-Cobertura-3.jpg 640w, https:\/\/sintonizeaqui.com.br\/sintonize\/wp-content\/uploads\/2026\/09\/21-Fecon-2026-Cobertura-3-300x225.jpg 300w\" sizes=\"(max-width: 640px) 100vw, 640px\" \/><\/figure>\n\n\n\n<figure class=\"wp-block-image size-full\"><img decoding=\"async\" width=\"640\" height=\"480\" data-id=\"16693\" src=\"https:\/\/sintonizeaqui.com.br\/sintonize\/wp-content\/uploads\/2026\/09\/21-Fecon-2026-Cobertura-.jpg\" alt=\"Fecon 2026 come\u00e7a com grande movimento e re\u00fane condi\u00e7\u00f5es imperd\u00edveis para o produtor rural\" class=\"wp-image-16693\" srcset=\"https:\/\/sintonizeaqui.com.br\/sintonize\/wp-content\/uploads\/2026\/09\/21-Fecon-2026-Cobertura-.jpg 640w, https:\/\/sintonizeaqui.com.br\/sintonize\/wp-content\/uploads\/2026\/09\/21-Fecon-2026-Cobertura--300x225.jpg 300w\" sizes=\"(max-width: 640px) 100vw, 640px\" \/><\/figure>\n<\/figure>\n\n\n\n<p class=\"has-text-align-center wp-block-paragraph\"><em>Feira oferece aos cooperados e produtores rurais a oportunidade de conhecer as solu\u00e7\u00f5es dispon\u00edveis, conversar com especialistas, negociar com fornecedores e aproveitar as condi\u00e7\u00f5es especiais preparadas para o evento<\/em><\/p>\n\n\n\n<hr class=\"wp-block-separator has-alpha-channel-opacity\"\/>\n\n\n\n<p class=\"has-medium-font-size wp-block-paragraph\"><strong><a href=\"https:\/\/www.instagram.com\/sintonizeaquitp\/\">Sintonize mais:<\/a> <\/strong><a href=\"https:\/\/sintonizeaqui.com.br\/sintonize\/mpmg-abre-selecao-para-estagiario-de-direito-em-tres-pontas\/\">MPMG abre sele\u00e7\u00e3o para estagi\u00e1rio de Direito em Tr\u00eas Pontas<\/a><\/p>\n\n\n\n<p class=\"wp-block-paragraph\"><\/p>\n","protected":false},"excerpt":{"rendered":"<p>Feira Cocatrel de Neg\u00f3cios re\u00fane cooperados, produtores, fornecedores e parceiros em tr\u00eas dias de neg\u00f3cios, conhecimento e relacionamento<\/p>\n","protected":false},"author":2,"featured_media":16694,"comment_status":"closed","ping_status":"open","sticky":false,"template":"","format":"standard","meta":{"iawp_total_views":8,"footnotes":""},"categories":[3,16],"tags":[],"class_list":["post-16691","post","type-post","status-publish","format-standard","has-post-thumbnail","hentry","category-destaques","category-negocios"],"yoast_head":"<!-- This site is optimized with the Yoast SEO plugin v28.4 - https:\/\/yoast.com\/product\/yoast-seo-wordpress\/ -->\n<title>Fecon 2026 come\u00e7a com grande movimento<\/title>\n<meta name=\"description\" content=\"Fecon 2026 come\u00e7a com grande movimento e re\u00fane condi\u00e7\u00f5es imperd\u00edveis para o produtor rural: em Tr\u00eas Pontas e filiais da Cocatrel\" \/>\n<meta name=\"robots\" content=\"index, follow, max-snippet:-1, max-image-preview:large, max-video-preview:-1\" \/>\n<link rel=\"canonical\" href=\"https:\/\/sintonizeaqui.com.br\/sintonize\/fecon-2026-comeca-com-grande-movimento-e-reune-condicoes-imperdiveis-para-o-produtor-rural\/\" \/>\n<meta property=\"og:locale\" content=\"pt_BR\" \/>\n<meta property=\"og:type\" content=\"article\" \/>\n<meta property=\"og:title\" content=\"Fecon 2026 come\u00e7a com grande movimento\" \/>\n<meta property=\"og:description\" content=\"Fecon 2026 come\u00e7a com grande movimento e re\u00fane condi\u00e7\u00f5es imperd\u00edveis para o produtor rural: em Tr\u00eas Pontas e filiais da Cocatrel\" \/>\n<meta property=\"og:url\" content=\"https:\/\/sintonizeaqui.com.br\/sintonize\/fecon-2026-comeca-com-grande-movimento-e-reune-condicoes-imperdiveis-para-o-produtor-rural\/\" \/>\n<meta property=\"og:site_name\" content=\"SintonizeAqui\" \/>\n<meta property=\"article:publisher\" content=\"https:\/\/pt-br.facebook.com\/Sintonizeaqui\/\" \/>\n<meta property=\"article:published_time\" content=\"2026-09-02T16:44:53+00:00\" \/>\n<meta property=\"article:modified_time\" content=\"2026-09-02T16:46:55+00:00\" \/>\n<meta property=\"og:image\" content=\"https:\/\/sintonizeaqui.com.br\/sintonize\/wp-content\/uploads\/2026\/09\/21-Fecon-2026-Cobertura-2.jpg\" \/>\n\t<meta property=\"og:image:width\" content=\"611\" \/>\n\t<meta property=\"og:image:height\" content=\"443\" \/>\n\t<meta property=\"og:image:type\" content=\"image\/jpeg\" \/>\n<meta name=\"author\" content=\"Sintonize Aqui\" \/>\n<meta name=\"twitter:card\" content=\"summary_large_image\" \/>\n<meta name=\"twitter:label1\" content=\"Escrito por\" \/>\n\t<meta name=\"twitter:data1\" content=\"Sintonize Aqui\" \/>\n\t<meta name=\"twitter:label2\" content=\"Est. tempo de leitura\" \/>\n\t<meta name=\"twitter:data2\" content=\"5 minutos\" \/>\n<script type=\"application\/ld+json\" class=\"yoast-schema-graph\">{\"@context\":\"https:\\\/\\\/schema.org\",\"@graph\":[{\"@type\":\"Article\",\"@id\":\"https:\\\/\\\/sintonizeaqui.com.br\\\/sintonize\\\/fecon-2026-comeca-com-grande-movimento-e-reune-condicoes-imperdiveis-para-o-produtor-rural\\\/#article\",\"isPartOf\":{\"@id\":\"https:\\\/\\\/sintonizeaqui.com.br\\\/sintonize\\\/fecon-2026-comeca-com-grande-movimento-e-reune-condicoes-imperdiveis-para-o-produtor-rural\\\/\"},\"author\":{\"name\":\"Sintonize Aqui\",\"@id\":\"https:\\\/\\\/sintonizeaqui.com.br\\\/sintonize\\\/#\\\/schema\\\/person\\\/a11ed5ad987e446d168b6926254223ba\"},\"headline\":\"Fecon 2026 come\u00e7a com grande movimento e re\u00fane condi\u00e7\u00f5es imperd\u00edveis para o produtor rural\",\"datePublished\":\"2026-09-02T16:44:53+00:00\",\"dateModified\":\"2026-09-02T16:46:55+00:00\",\"mainEntityOfPage\":{\"@id\":\"https:\\\/\\\/sintonizeaqui.com.br\\\/sintonize\\\/fecon-2026-comeca-com-grande-movimento-e-reune-condicoes-imperdiveis-para-o-produtor-rural\\\/\"},\"wordCount\":689,\"publisher\":{\"@id\":\"https:\\\/\\\/sintonizeaqui.com.br\\\/sintonize\\\/#organization\"},\"image\":{\"@id\":\"https:\\\/\\\/sintonizeaqui.com.br\\\/sintonize\\\/fecon-2026-comeca-com-grande-movimento-e-reune-condicoes-imperdiveis-para-o-produtor-rural\\\/#primaryimage\"},\"thumbnailUrl\":\"https:\\\/\\\/sintonizeaqui.com.br\\\/sintonize\\\/wp-content\\\/uploads\\\/2026\\\/09\\\/21-Fecon-2026-Cobertura-2.jpg\",\"articleSection\":[\"Destaques\",\"Neg\u00f3cios\"],\"inLanguage\":\"pt-BR\"},{\"@type\":\"WebPage\",\"@id\":\"https:\\\/\\\/sintonizeaqui.com.br\\\/sintonize\\\/fecon-2026-comeca-com-grande-movimento-e-reune-condicoes-imperdiveis-para-o-produtor-rural\\\/\",\"url\":\"https:\\\/\\\/sintonizeaqui.com.br\\\/sintonize\\\/fecon-2026-comeca-com-grande-movimento-e-reune-condicoes-imperdiveis-para-o-produtor-rural\\\/\",\"name\":\"Fecon 2026 come\u00e7a com grande movimento\",\"isPartOf\":{\"@id\":\"https:\\\/\\\/sintonizeaqui.com.br\\\/sintonize\\\/#website\"},\"primaryImageOfPage\":{\"@id\":\"https:\\\/\\\/sintonizeaqui.com.br\\\/sintonize\\\/fecon-2026-comeca-com-grande-movimento-e-reune-condicoes-imperdiveis-para-o-produtor-rural\\\/#primaryimage\"},\"image\":{\"@id\":\"https:\\\/\\\/sintonizeaqui.com.br\\\/sintonize\\\/fecon-2026-comeca-com-grande-movimento-e-reune-condicoes-imperdiveis-para-o-produtor-rural\\\/#primaryimage\"},\"thumbnailUrl\":\"https:\\\/\\\/sintonizeaqui.com.br\\\/sintonize\\\/wp-content\\\/uploads\\\/2026\\\/09\\\/21-Fecon-2026-Cobertura-2.jpg\",\"datePublished\":\"2026-09-02T16:44:53+00:00\",\"dateModified\":\"2026-09-02T16:46:55+00:00\",\"description\":\"Fecon 2026 come\u00e7a com grande movimento e re\u00fane condi\u00e7\u00f5es imperd\u00edveis para o produtor rural: em Tr\u00eas Pontas e filiais da Cocatrel\",\"breadcrumb\":{\"@id\":\"https:\\\/\\\/sintonizeaqui.com.br\\\/sintonize\\\/fecon-2026-comeca-com-grande-movimento-e-reune-condicoes-imperdiveis-para-o-produtor-rural\\\/#breadcrumb\"},\"inLanguage\":\"pt-BR\",\"potentialAction\":[{\"@type\":\"ReadAction\",\"target\":[\"https:\\\/\\\/sintonizeaqui.com.br\\\/sintonize\\\/fecon-2026-comeca-com-grande-movimento-e-reune-condicoes-imperdiveis-para-o-produtor-rural\\\/\"]}]},{\"@type\":\"ImageObject\",\"inLanguage\":\"pt-BR\",\"@id\":\"https:\\\/\\\/sintonizeaqui.com.br\\\/sintonize\\\/fecon-2026-comeca-com-grande-movimento-e-reune-condicoes-imperdiveis-para-o-produtor-rural\\\/#primaryimage\",\"url\":\"https:\\\/\\\/sintonizeaqui.com.br\\\/sintonize\\\/wp-content\\\/uploads\\\/2026\\\/09\\\/21-Fecon-2026-Cobertura-2.jpg\",\"contentUrl\":\"https:\\\/\\\/sintonizeaqui.com.br\\\/sintonize\\\/wp-content\\\/uploads\\\/2026\\\/09\\\/21-Fecon-2026-Cobertura-2.jpg\",\"width\":611,\"height\":443},{\"@type\":\"BreadcrumbList\",\"@id\":\"https:\\\/\\\/sintonizeaqui.com.br\\\/sintonize\\\/fecon-2026-comeca-com-grande-movimento-e-reune-condicoes-imperdiveis-para-o-produtor-rural\\\/#breadcrumb\",\"itemListElement\":[{\"@type\":\"ListItem\",\"position\":1,\"name\":\"In\u00edcio\",\"item\":\"https:\\\/\\\/sintonizeaqui.com.br\\\/sintonize\\\/\"},{\"@type\":\"ListItem\",\"position\":2,\"name\":\"Fecon 2026 come\u00e7a com grande movimento e re\u00fane condi\u00e7\u00f5es imperd\u00edveis para o produtor rural\"}]},{\"@type\":\"WebSite\",\"@id\":\"https:\\\/\\\/sintonizeaqui.com.br\\\/sintonize\\\/#website\",\"url\":\"https:\\\/\\\/sintonizeaqui.com.br\\\/sintonize\\\/\",\"name\":\"SintonizeAqui\",\"description\":\"Not\u00edcias de Tr\u00eas Pontas e informa\u00e7\u00f5es \u00fateis para o trespontano!\",\"publisher\":{\"@id\":\"https:\\\/\\\/sintonizeaqui.com.br\\\/sintonize\\\/#organization\"},\"potentialAction\":[{\"@type\":\"SearchAction\",\"target\":{\"@type\":\"EntryPoint\",\"urlTemplate\":\"https:\\\/\\\/sintonizeaqui.com.br\\\/sintonize\\\/?s={search_term_string}\"},\"query-input\":{\"@type\":\"PropertyValueSpecification\",\"valueRequired\":true,\"valueName\":\"search_term_string\"}}],\"inLanguage\":\"pt-BR\"},{\"@type\":\"Organization\",\"@id\":\"https:\\\/\\\/sintonizeaqui.com.br\\\/sintonize\\\/#organization\",\"name\":\"SintonizeAqui\",\"url\":\"https:\\\/\\\/sintonizeaqui.com.br\\\/sintonize\\\/\",\"logo\":{\"@type\":\"ImageObject\",\"inLanguage\":\"pt-BR\",\"@id\":\"https:\\\/\\\/sintonizeaqui.com.br\\\/sintonize\\\/#\\\/schema\\\/logo\\\/image\\\/\",\"url\":\"https:\\\/\\\/sintonizeaqui.com.br\\\/sintonize\\\/wp-content\\\/uploads\\\/2022\\\/01\\\/cropped-NovaLoja.jpeg\",\"contentUrl\":\"https:\\\/\\\/sintonizeaqui.com.br\\\/sintonize\\\/wp-content\\\/uploads\\\/2022\\\/01\\\/cropped-NovaLoja.jpeg\",\"width\":528,\"height\":285,\"caption\":\"SintonizeAqui\"},\"image\":{\"@id\":\"https:\\\/\\\/sintonizeaqui.com.br\\\/sintonize\\\/#\\\/schema\\\/logo\\\/image\\\/\"},\"sameAs\":[\"https:\\\/\\\/pt-br.facebook.com\\\/Sintonizeaqui\\\/\"]},{\"@type\":\"Person\",\"@id\":\"https:\\\/\\\/sintonizeaqui.com.br\\\/sintonize\\\/#\\\/schema\\\/person\\\/a11ed5ad987e446d168b6926254223ba\",\"name\":\"Sintonize Aqui\",\"image\":{\"@type\":\"ImageObject\",\"inLanguage\":\"pt-BR\",\"@id\":\"https:\\\/\\\/secure.gravatar.com\\\/avatar\\\/4f9604391ac50df73cbad665333b2dd11254c2673bfabb6aab9a00a317ab3fa3?s=96&d=mm&r=g\",\"url\":\"https:\\\/\\\/secure.gravatar.com\\\/avatar\\\/4f9604391ac50df73cbad665333b2dd11254c2673bfabb6aab9a00a317ab3fa3?s=96&d=mm&r=g\",\"contentUrl\":\"https:\\\/\\\/secure.gravatar.com\\\/avatar\\\/4f9604391ac50df73cbad665333b2dd11254c2673bfabb6aab9a00a317ab3fa3?s=96&d=mm&r=g\",\"caption\":\"Sintonize Aqui\"},\"url\":\"https:\\\/\\\/sintonizeaqui.com.br\\\/sintonize\\\/author\\\/arlene\\\/\"}]}<\/script>\n<!-- \/ Yoast SEO plugin. -->","yoast_head_json":{"title":"Fecon 2026 come\u00e7a com grande movimento","description":"Fecon 2026 come\u00e7a com grande movimento e re\u00fane condi\u00e7\u00f5es imperd\u00edveis para o produtor rural: em Tr\u00eas Pontas e filiais da Cocatrel","robots":{"index":"index","follow":"follow","max-snippet":"max-snippet:-1","max-image-preview":"max-image-preview:large","max-video-preview":"max-video-preview:-1"},"canonical":"https:\/\/sintonizeaqui.com.br\/sintonize\/fecon-2026-comeca-com-grande-movimento-e-reune-condicoes-imperdiveis-para-o-produtor-rural\/","og_locale":"pt_BR","og_type":"article","og_title":"Fecon 2026 come\u00e7a com grande movimento","og_description":"Fecon 2026 come\u00e7a com grande movimento e re\u00fane condi\u00e7\u00f5es imperd\u00edveis para o produtor rural: em Tr\u00eas Pontas e filiais da Cocatrel","og_url":"https:\/\/sintonizeaqui.com.br\/sintonize\/fecon-2026-comeca-com-grande-movimento-e-reune-condicoes-imperdiveis-para-o-produtor-rural\/","og_site_name":"SintonizeAqui","article_publisher":"https:\/\/pt-br.facebook.com\/Sintonizeaqui\/","article_published_time":"2026-09-02T16:44:53+00:00","article_modified_time":"2026-09-02T16:46:55+00:00","og_image":[{"width":611,"height":443,"url":"https:\/\/sintonizeaqui.com.br\/sintonize\/wp-content\/uploads\/2026\/09\/21-Fecon-2026-Cobertura-2.jpg","type":"image\/jpeg"}],"author":"Sintonize Aqui","twitter_card":"summary_large_image","twitter_misc":{"Escrito por":"Sintonize Aqui","Est. tempo de leitura":"5 minutos"},"schema":{"@context":"https:\/\/schema.org","@graph":[{"@type":"Article","@id":"https:\/\/sintonizeaqui.com.br\/sintonize\/fecon-2026-comeca-com-grande-movimento-e-reune-condicoes-imperdiveis-para-o-produtor-rural\/#article","isPartOf":{"@id":"https:\/\/sintonizeaqui.com.br\/sintonize\/fecon-2026-comeca-com-grande-movimento-e-reune-condicoes-imperdiveis-para-o-produtor-rural\/"},"author":{"name":"Sintonize Aqui","@id":"https:\/\/sintonizeaqui.com.br\/sintonize\/#\/schema\/person\/a11ed5ad987e446d168b6926254223ba"},"headline":"Fecon 2026 come\u00e7a com grande movimento e re\u00fane condi\u00e7\u00f5es imperd\u00edveis para o produtor rural","datePublished":"2026-09-02T16:44:53+00:00","dateModified":"2026-09-02T16:46:55+00:00","mainEntityOfPage":{"@id":"https:\/\/sintonizeaqui.com.br\/sintonize\/fecon-2026-comeca-com-grande-movimento-e-reune-condicoes-imperdiveis-para-o-produtor-rural\/"},"wordCount":689,"publisher":{"@id":"https:\/\/sintonizeaqui.com.br\/sintonize\/#organization"},"image":{"@id":"https:\/\/sintonizeaqui.com.br\/sintonize\/fecon-2026-comeca-com-grande-movimento-e-reune-condicoes-imperdiveis-para-o-produtor-rural\/#primaryimage"},"thumbnailUrl":"https:\/\/sintonizeaqui.com.br\/sintonize\/wp-content\/uploads\/2026\/09\/21-Fecon-2026-Cobertura-2.jpg","articleSection":["Destaques","Neg\u00f3cios"],"inLanguage":"pt-BR"},{"@type":"WebPage","@id":"https:\/\/sintonizeaqui.com.br\/sintonize\/fecon-2026-comeca-com-grande-movimento-e-reune-condicoes-imperdiveis-para-o-produtor-rural\/","url":"https:\/\/sintonizeaqui.com.br\/sintonize\/fecon-2026-comeca-com-grande-movimento-e-reune-condicoes-imperdiveis-para-o-produtor-rural\/","name":"Fecon 2026 come\u00e7a com grande movimento","isPartOf":{"@id":"https:\/\/sintonizeaqui.com.br\/sintonize\/#website"},"primaryImageOfPage":{"@id":"https:\/\/sintonizeaqui.com.br\/sintonize\/fecon-2026-comeca-com-grande-movimento-e-reune-condicoes-imperdiveis-para-o-produtor-rural\/#primaryimage"},"image":{"@id":"https:\/\/sintonizeaqui.com.br\/sintonize\/fecon-2026-comeca-com-grande-movimento-e-reune-condicoes-imperdiveis-para-o-produtor-rural\/#primaryimage"},"thumbnailUrl":"https:\/\/sintonizeaqui.com.br\/sintonize\/wp-content\/uploads\/2026\/09\/21-Fecon-2026-Cobertura-2.jpg","datePublished":"2026-09-02T16:44:53+00:00","dateModified":"2026-09-02T16:46:55+00:00","description":"Fecon 2026 come\u00e7a com grande movimento e re\u00fane condi\u00e7\u00f5es imperd\u00edveis para o produtor rural: em Tr\u00eas Pontas e filiais da Cocatrel","breadcrumb":{"@id":"https:\/\/sintonizeaqui.com.br\/sintonize\/fecon-2026-comeca-com-grande-movimento-e-reune-condicoes-imperdiveis-para-o-produtor-rural\/#breadcrumb"},"inLanguage":"pt-BR","potentialAction":[{"@type":"ReadAction","target":["https:\/\/sintonizeaqui.com.br\/sintonize\/fecon-2026-comeca-com-grande-movimento-e-reune-condicoes-imperdiveis-para-o-produtor-rural\/"]}]},{"@type":"ImageObject","inLanguage":"pt-BR","@id":"https:\/\/sintonizeaqui.com.br\/sintonize\/fecon-2026-comeca-com-grande-movimento-e-reune-condicoes-imperdiveis-para-o-produtor-rural\/#primaryimage","url":"https:\/\/sintonizeaqui.com.br\/sintonize\/wp-content\/uploads\/2026\/09\/21-Fecon-2026-Cobertura-2.jpg","contentUrl":"https:\/\/sintonizeaqui.com.br\/sintonize\/wp-content\/uploads\/2026\/09\/21-Fecon-2026-Cobertura-2.jpg","width":611,"height":443},{"@type":"BreadcrumbList","@id":"https:\/\/sintonizeaqui.com.br\/sintonize\/fecon-2026-comeca-com-grande-movimento-e-reune-condicoes-imperdiveis-para-o-produtor-rural\/#breadcrumb","itemListElement":[{"@type":"ListItem","position":1,"name":"In\u00edcio","item":"https:\/\/sintonizeaqui.com.br\/sintonize\/"},{"@type":"ListItem","position":2,"name":"Fecon 2026 come\u00e7a com grande movimento e re\u00fane condi\u00e7\u00f5es imperd\u00edveis para o produtor rural"}]},{"@type":"WebSite","@id":"https:\/\/sintonizeaqui.com.br\/sintonize\/#website","url":"https:\/\/sintonizeaqui.com.br\/sintonize\/","name":"SintonizeAqui","description":"Not\u00edcias de Tr\u00eas Pontas e informa\u00e7\u00f5es \u00fateis para o trespontano!","publisher":{"@id":"https:\/\/sintonizeaqui.com.br\/sintonize\/#organization"},"potentialAction":[{"@type":"SearchAction","target":{"@type":"EntryPoint","urlTemplate":"https:\/\/sintonizeaqui.com.br\/sintonize\/?s={search_term_string}"},"query-input":{"@type":"PropertyValueSpecification","valueRequired":true,"valueName":"search_term_string"}}],"inLanguage":"pt-BR"},{"@type":"Organization","@id":"https:\/\/sintonizeaqui.com.br\/sintonize\/#organization","name":"SintonizeAqui","url":"https:\/\/sintonizeaqui.com.br\/sintonize\/","logo":{"@type":"ImageObject","inLanguage":"pt-BR","@id":"https:\/\/sintonizeaqui.com.br\/sintonize\/#\/schema\/logo\/image\/","url":"https:\/\/sintonizeaqui.com.br\/sintonize\/wp-content\/uploads\/2022\/01\/cropped-NovaLoja.jpeg","contentUrl":"https:\/\/sintonizeaqui.com.br\/sintonize\/wp-content\/uploads\/2022\/01\/cropped-NovaLoja.jpeg","width":528,"height":285,"caption":"SintonizeAqui"},"image":{"@id":"https:\/\/sintonizeaqui.com.br\/sintonize\/#\/schema\/logo\/image\/"},"sameAs":["https:\/\/pt-br.facebook.com\/Sintonizeaqui\/"]},{"@type":"Person","@id":"https:\/\/sintonizeaqui.com.br\/sintonize\/#\/schema\/person\/a11ed5ad987e446d168b6926254223ba","name":"Sintonize Aqui","image":{"@type":"ImageObject","inLanguage":"pt-BR","@id":"https:\/\/secure.gravatar.com\/avatar\/4f9604391ac50df73cbad665333b2dd11254c2673bfabb6aab9a00a317ab3fa3?s=96&d=mm&r=g","url":"https:\/\/secure.gravatar.com\/avatar\/4f9604391ac50df73cbad665333b2dd11254c2673bfabb6aab9a00a317ab3fa3?s=96&d=mm&r=g","contentUrl":"https:\/\/secure.gravatar.com\/avatar\/4f9604391ac50df73cbad665333b2dd11254c2673bfabb6aab9a00a317ab3fa3?s=96&d=mm&r=g","caption":"Sintonize Aqui"},"url":"https:\/\/sintonizeaqui.com.br\/sintonize\/author\/arlene\/"}]}},"_links":{"self":[{"href":"https:\/\/sintonizeaqui.com.br\/sintonize\/wp-json\/wp\/v2\/posts\/16691","targetHints":{"allow":["GET"]}}],"collection":[{"href":"https:\/\/sintonizeaqui.com.br\/sintonize\/wp-json\/wp\/v2\/posts"}],"about":[{"href":"https:\/\/sintonizeaqui.com.br\/sintonize\/wp-json\/wp\/v2\/types\/post"}],"author":[{"embeddable":true,"href":"https:\/\/sintonizeaqui.com.br\/sintonize\/wp-json\/wp\/v2\/users\/2"}],"replies":[{"embeddable":true,"href":"https:\/\/sintonizeaqui.com.br\/sintonize\/wp-json\/wp\/v2\/comments?post=16691"}],"version-history":[{"count":4,"href":"https:\/\/sintonizeaqui.com.br\/sintonize\/wp-json\/wp\/v2\/posts\/16691\/revisions"}],"predecessor-version":[{"id":16698,"href":"https:\/\/sintonizeaqui.com.br\/sintonize\/wp-json\/wp\/v2\/posts\/16691\/revisions\/16698"}],"wp:featuredmedia":[{"embeddable":true,"href":"https:\/\/sintonizeaqui.com.br\/sintonize\/wp-json\/wp\/v2\/media\/16694"}],"wp:attachment":[{"href":"https:\/\/sintonizeaqui.com.br\/sintonize\/wp-json\/wp\/v2\/media?parent=16691"}],"wp:term":[{"taxonomy":"category","embeddable":true,"href":"https:\/\/sintonizeaqui.com.br\/sintonize\/wp-json\/wp\/v2\/categories?post=16691"},{"taxonomy":"post_tag","embeddable":true,"href":"https:\/\/sintonizeaqui.com.br\/sintonize\/wp-json\/wp\/v2\/tags?post=16691"}],"curies":[{"name":"wp","href":"https:\/\/api.w.org\/{rel}","templated":true}]}}