{"id":16668,"date":"2026-09-02T16:52:40","date_gmt":"2026-09-02T19:52:40","guid":{"rendered":"https:\/\/sintonizeaqui.com.br\/sintonize\/?p=16668"},"modified":"2026-09-02T16:55:18","modified_gmt":"2026-09-02T19:55:18","slug":"politica-eleicoes-2026-na-escola-coracao-de-jesus-elegem-gabriel-e-maria-gabriela","status":"publish","type":"post","link":"https:\/\/sintonizeaqui.com.br\/sintonize\/politica-eleicoes-2026-na-escola-coracao-de-jesus-elegem-gabriel-e-maria-gabriela\/","title":{"rendered":"Elei\u00e7\u00f5es 2026 na Escola Cora\u00e7\u00e3o de Jesus elegem Gabriel e Maria Gabriela"},"content":{"rendered":"<div class='booster-block booster-read-block'><\/div>\n<p class=\"has-medium-font-size wp-block-paragraph\"><em><strong>Projeto de Sociologia-Pol\u00edtica transforma alunos em candidatos, ministros e eleitores, com campanhas, planos de governo, vota\u00e7\u00e3o e apura\u00e7\u00e3o inspirados no processo eleitoral brasileiro<\/strong><\/em><\/p>\n\n\n\n<p class=\"has-medium-font-size wp-block-paragraph\">\u201cEu queria agradecer a cada eleitor que votou porque acredita em mim, acredita que eu posso mudar nossa realidade. Prometo que n\u00e3o vou decepcionar voc\u00eas, que vou cumprir cada palavra que falei aqui.\u201d A declara\u00e7\u00e3o \u00e9 de Gabriel Henrique, 15 anos, aluno do 1\u00ba ano do Ensino M\u00e9dio e presidente eleito na 1\u00aa Elei\u00e7\u00e3o da Escola Cora\u00e7\u00e3o de Jesus, de Tr\u00eas Pontas. Ao lado da vice-presidente Maria Gabriela, ele venceu o pleito realizado na quinta-feira (27), ap\u00f3s meses de pesquisa, estudo, planejamento e campanha eleitoral.<\/p>\n\n\n<div class=\"wp-block-image\">\n<figure class=\"aligncenter size-full\"><img decoding=\"async\" width=\"640\" height=\"425\" src=\"https:\/\/sintonizeaqui.com.br\/sintonize\/wp-content\/uploads\/2026\/09\/ECJ-Projeto-Eleicoes-Sociologia-15-copy.jpg\" alt=\"Pol\u00edtica - Elei\u00e7\u00f5es 2026 na Escola Cora\u00e7\u00e3o de Jesus elegem Gabriel e Maria Gabriela\" class=\"wp-image-16682\" srcset=\"https:\/\/sintonizeaqui.com.br\/sintonize\/wp-content\/uploads\/2026\/09\/ECJ-Projeto-Eleicoes-Sociologia-15-copy.jpg 640w, https:\/\/sintonizeaqui.com.br\/sintonize\/wp-content\/uploads\/2026\/09\/ECJ-Projeto-Eleicoes-Sociologia-15-copy-300x199.jpg 300w\" sizes=\"(max-width: 640px) 100vw, 640px\" \/><figcaption class=\"wp-element-caption\">Os candidatos Gabriel Henrique e Maria Gabriela venceram o pleito depois de apresentarem propostas consistentes, constru\u00eddas com pesquisa, planejamento e dedica\u00e7\u00e3o<\/figcaption><\/figure>\n<\/div>\n\n\n<p class=\"has-medium-font-size wp-block-paragraph\">H\u00e1 tempos, a Escola Cora\u00e7\u00e3o de Jesus trabalha o tema \u201cPol\u00edtica\u201d em quatro n\u00edveis &#8211; local, estadual, nacional e mundial &#8211; nas aulas de Sociologia. Desta vez, a professora Juliana Lemos decidiu aproximar o conte\u00fado da rotina dos alunos e transformou as Elei\u00e7\u00f5es 2026 em uma experi\u00eancia pr\u00e1tica, capaz de mostrar como propostas, escolhas e responsabilidades interferem na vida coletiva.<\/p>\n\n\n\n<p class=\"has-medium-font-size wp-block-paragraph\">Desde o primeiro semestre, os estudantes do Ensino M\u00e9dio percorreram diferentes etapas de um processo eleitoral. Eles fundaram partidos pol\u00edticos, elaboraram suas pr\u00f3prias legisla\u00e7\u00f5es, criaram slogans, formaram chapas com candidatos a presidente e vice-presidente, dividiram fun\u00e7\u00f5es ministeriais e constru\u00edram planos de governo.<\/p>\n\n\n\n<p class=\"has-medium-font-size wp-block-paragraph\">A campanha tamb\u00e9m ganhou os espa\u00e7os da Escola. Durante os recreios, os grupos apresentaram suas ideias, conversaram com os eleitores e distribu\u00edram banners, santinhos, adesivos no modelo \u201cpraguinha\u201d e outros materiais produzidos para divulgar as chapas. Na quinta-feira, ap\u00f3s a exposi\u00e7\u00e3o das propostas, chegou o momento de escolher os representantes.<\/p>\n\n\n<div class=\"wp-block-image\">\n<figure class=\"aligncenter size-full\"><img decoding=\"async\" width=\"640\" height=\"426\" src=\"https:\/\/sintonizeaqui.com.br\/sintonize\/wp-content\/uploads\/2026\/09\/ECJ-Projeto-Eleicoes-Sociologia-17.jpg\" alt=\"Pol\u00edtica - Elei\u00e7\u00f5es 2026 na Escola Cora\u00e7\u00e3o de Jesus elegem Gabriel e Maria Gabriela\" class=\"wp-image-16686\" srcset=\"https:\/\/sintonizeaqui.com.br\/sintonize\/wp-content\/uploads\/2026\/09\/ECJ-Projeto-Eleicoes-Sociologia-17.jpg 640w, https:\/\/sintonizeaqui.com.br\/sintonize\/wp-content\/uploads\/2026\/09\/ECJ-Projeto-Eleicoes-Sociologia-17-300x200.jpg 300w\" sizes=\"(max-width: 640px) 100vw, 640px\" \/><figcaption class=\"wp-element-caption\">A professora de Sociologia, Juliana Lemos, elogiou o comprometimento das turmas com o projeto e destacou o conhecimento adquirido pelos alunos durante todas as etapas do estudo te\u00f3rico e pr\u00e1tico<\/figcaption><\/figure>\n<\/div>\n\n\n<p class=\"has-medium-font-size wp-block-paragraph\"><strong><mark style=\"background-color:rgba(0, 0, 0, 0)\" class=\"has-inline-color has-vivid-cyan-blue-color\">Disputa de ideias e projetos<\/mark><\/strong><\/p>\n\n\n\n<p class=\"has-medium-font-size wp-block-paragraph\">Os seis candidatos \u00e0 Presid\u00eancia, acompanhados pelos respectivos candidatos \u00e0 Vice-Presid\u00eancia e ministros, defenderam suas propostas diante dos eleitores. Seriedade, postura, falas firmes, seguran\u00e7a, transpar\u00eancia e um vocabul\u00e1rio elogi\u00e1vel marcaram as apresenta\u00e7\u00f5es.<\/p>\n\n\n\n<p class=\"has-medium-font-size wp-block-paragraph\">A exposi\u00e7\u00e3o n\u00e3o se resumiu a uma sucess\u00e3o de promessas. Os estudantes identificaram problemas, explicaram por que determinados temas mereciam aten\u00e7\u00e3o e detalharam caminhos poss\u00edveis para amenizar ou solucionar situa\u00e7\u00f5es presentes na sociedade brasileira.<\/p>\n\n\n\n<p class=\"has-medium-font-size wp-block-paragraph\">Um aspecto chamou aten\u00e7\u00e3o durante toda a atividade: cada chapa utilizou o tempo dispon\u00edvel para apresentar suas pr\u00f3prias ideias. N\u00e3o houve ataques, compara\u00e7\u00f5es depreciativas ou cr\u00edticas aos advers\u00e1rios. Os concorrentes buscaram conquistar os votos por meio de projetos, argumentos e dados, oferecendo um exemplo pertinente em um per\u00edodo no qual o Brasil tamb\u00e9m se prepara para uma elei\u00e7\u00e3o majorit\u00e1ria.<\/p>\n\n\n\n<p class=\"has-medium-font-size wp-block-paragraph\">Roupas e sapatos sociais ajudaram a compor a formalidade do momento. As apresenta\u00e7\u00f5es em <em>PowerPoint<\/em> acrescentaram informa\u00e7\u00f5es, dados e recursos visuais aos discursos, tornando as propostas claras e facilitando a compreens\u00e3o dos eleitores.<\/p>\n\n\n\n<p class=\"has-medium-font-size wp-block-paragraph\">Os planos de governo contemplaram Sa\u00fade, Educa\u00e7\u00e3o, Cultura, Direitos Humanos, Economia, Meio Ambiente, Seguran\u00e7a P\u00fablica e Esportes. Assuntos que afetam diretamente o cotidiano da popula\u00e7\u00e3o tamb\u00e9m ganharam espa\u00e7o, como feminic\u00eddio, racismo, pessoas em situa\u00e7\u00e3o de rua, uso consciente da tecnologia e dezenas de outras quest\u00f5es sociais.<\/p>\n\n\n\n<figure class=\"wp-block-gallery has-nested-images columns-default is-cropped wp-block-gallery-1 is-layout-flex wp-block-gallery-is-layout-flex\">\n<figure class=\"wp-block-image size-large\"><img decoding=\"async\" width=\"640\" height=\"427\" data-id=\"16676\" src=\"https:\/\/sintonizeaqui.com.br\/sintonize\/wp-content\/uploads\/2026\/09\/ECJ-Projeto-Eleicoes-Sociologia-9-Copy.jpg\" alt=\"\" class=\"wp-image-16676\" srcset=\"https:\/\/sintonizeaqui.com.br\/sintonize\/wp-content\/uploads\/2026\/09\/ECJ-Projeto-Eleicoes-Sociologia-9-Copy.jpg 640w, https:\/\/sintonizeaqui.com.br\/sintonize\/wp-content\/uploads\/2026\/09\/ECJ-Projeto-Eleicoes-Sociologia-9-Copy-300x200.jpg 300w\" sizes=\"(max-width: 640px) 100vw, 640px\" \/><\/figure>\n\n\n\n<figure class=\"wp-block-image size-large\"><img decoding=\"async\" width=\"640\" height=\"427\" data-id=\"16674\" src=\"https:\/\/sintonizeaqui.com.br\/sintonize\/wp-content\/uploads\/2026\/09\/ECJ-Projeto-Eleicoes-Sociologia-7-Copy.jpg\" alt=\"\" class=\"wp-image-16674\" srcset=\"https:\/\/sintonizeaqui.com.br\/sintonize\/wp-content\/uploads\/2026\/09\/ECJ-Projeto-Eleicoes-Sociologia-7-Copy.jpg 640w, https:\/\/sintonizeaqui.com.br\/sintonize\/wp-content\/uploads\/2026\/09\/ECJ-Projeto-Eleicoes-Sociologia-7-Copy-300x200.jpg 300w\" sizes=\"(max-width: 640px) 100vw, 640px\" \/><\/figure>\n<\/figure>\n\n\n\n<p class=\"has-text-align-center wp-block-paragraph\"><em>As apresenta\u00e7\u00f5es em PowerPoint acrescentaram informa\u00e7\u00f5es, dados e recursos visuais aos discursos, tornando as propostas claras e facilitando a compreens\u00e3o dos eleitores<\/em><\/p>\n\n\n\n<p class=\"has-medium-font-size wp-block-paragraph\"><strong><mark style=\"background-color:rgba(0, 0, 0, 0)\" class=\"has-inline-color has-vivid-cyan-blue-color\">Pesquisa foi um dos recursos utilizados para construir propostas poss\u00edveis<\/mark><\/strong><\/p>\n\n\n\n<p class=\"has-medium-font-size wp-block-paragraph\">De acordo com a professora Juliana Lemos, cada plano foi elaborado a partir de pesquisas em fontes confi\u00e1veis e, em alguns casos, de consultas a especialistas. Os n\u00fameros e as estat\u00edsticas utilizados eram reais, atuais e foram conferidos por ela durante o desenvolvimento da atividade.<\/p>\n\n\n\n<p class=\"has-medium-font-size wp-block-paragraph\">O trabalho tamb\u00e9m reuniu conhecimentos adquiridos em outras disciplinas e contou com contribui\u00e7\u00f5es de diferentes professores. Dessa maneira, os alunos perceberam que compreender um pa\u00eds exige observar v\u00e1rios campos ao mesmo tempo.<\/p>\n\n\n\n<p class=\"has-medium-font-size wp-block-paragraph\">A dedica\u00e7\u00e3o das turmas deixou Juliana orgulhosa. Segundo a professora, o resultado revelou o quanto os estudantes aprenderam durante os meses de prepara\u00e7\u00e3o. Cada fala, material de campanha e proposta apresentada carregava uma trajet\u00f3ria de leitura, discuss\u00e3o, produ\u00e7\u00e3o coletiva e revis\u00e3o.<\/p>\n\n\n\n<p class=\"has-medium-font-size wp-block-paragraph\">A organiza\u00e7\u00e3o come\u00e7ou dentro de cada equipe, explica Gabriel Henrique, de 15 anos. \u201cO primeiro passo foi dividir a equipe em minist\u00e9rios. Analisamos que, cada um fazendo a sua parte, conseguir\u00edamos um bom resultado. Cada minist\u00e9rio pesquisou e criou projetos coerentes com a nossa realidade, porque n\u00e3o adianta elaborar um projeto mirabolante se n\u00e3o podemos coloc\u00e1-lo em pr\u00e1tica\u201d, conta o presidente eleito.<\/p>\n\n\n\n<p class=\"has-medium-font-size wp-block-paragraph\">Depois da pesquisa, vieram os ensaios. \u201cCome\u00e7amos a treinar a nossa fala porque, aqui na frente, vendemos o nosso peixe e precisamos convencer que o nosso peixe \u00e9 bom. Foi com bastante planejamento que fizemos todo o projeto\u201d, acrescenta Gabriel.<\/p>\n\n\n\n<p class=\"has-medium-font-size wp-block-paragraph\"><strong><mark style=\"background-color:rgba(0, 0, 0, 0)\" class=\"has-inline-color has-vivid-cyan-blue-color\">Projeto despertou interesse pela pol\u00edtica<\/mark><\/strong><\/p>\n\n\n\n<p class=\"has-medium-font-size wp-block-paragraph\">Ao agradecer \u00e0 professora \u201cJu\u201d, Gabriel revelou que a experi\u00eancia modificou sua rela\u00e7\u00e3o com o tema. Antes, ele acompanhava apenas algumas etapas das elei\u00e7\u00f5es e tomava conhecimento dos resultados, sem observar com aten\u00e7\u00e3o todo o processo.<\/p>\n\n\n\n<p class=\"has-medium-font-size wp-block-paragraph\">\u201cCom esse projeto, comecei a tomar gosto pela pol\u00edtica. Estou acompanhando as entrevistas e os debates dos candidatos de 2026 e passei a observar at\u00e9 aqueles que eu n\u00e3o conhecia. Esse projeto \u00e9 fundamental. Os jovens n\u00e3o podem se afastar da pol\u00edtica porque estamos em uma democracia. A uni\u00e3o e o conhecimento podem ajudar a eleger um bom presidente\u201d, comenta.<\/p>\n\n\n\n<p class=\"has-medium-font-size wp-block-paragraph\">Aos 15 anos, Maria Gabriela tamb\u00e9m demonstrou maturidade em sua primeira entrevista como vice-presidente eleita. Para ela, a iniciativa ajudou os estudantes a enxergarem com outros olhos o lugar onde vivem e problemas cuja dimens\u00e3o muitos ainda desconheciam.<\/p>\n\n\n\n<p class=\"has-medium-font-size wp-block-paragraph\">\u201cO projeto foi muito favor\u00e1vel para construirmos uma vis\u00e3o do lugar onde moramos que talvez ainda n\u00e3o tiv\u00e9ssemos. Conseguimos ver problemas que realmente existem e dos quais, \u00e0s vezes, nem faz\u00edamos ideia. A pesquisa foi necess\u00e1ria para elaborarmos propostas coerentes com a realidade e que se encaixassem na vida de cada pessoa\u201d, explica.<\/p>\n\n\n\n<p class=\"has-medium-font-size wp-block-paragraph\">Segundo Maria Gabriela, o objetivo do PUP foi pensar em condi\u00e7\u00f5es para que os cidad\u00e3os pudessem fazer suas escolhas e participar da constru\u00e7\u00e3o dos rumos do pa\u00eds. A vice-presidente eleita tamb\u00e9m chamou aten\u00e7\u00e3o para o valor das pessoas em qualquer projeto de governo.<\/p>\n\n\n\n<p class=\"has-medium-font-size wp-block-paragraph\">\u201cQual \u00e9 o futuro de um pa\u00eds? Muitas pessoas v\u00e3o responder que \u00e9 a educa\u00e7\u00e3o, a economia, o governo ou suas origens. Todas essas respostas s\u00e3o boas, mas acredito que o futuro est\u00e1 naquilo que faz um pa\u00eds ser o que ele \u00e9: as pessoas. Sem pessoas, n\u00e3o haveria pa\u00eds e muito menos governo. Precisamos ter responsabilidade ao investir nelas, para que todos possam evoluir. Uma \u00e1rea conduz \u00e0 outra e todas dependem umas das outras\u201d, afirma.<\/p>\n\n\n\n<p class=\"has-medium-font-size wp-block-paragraph\">A estudante acrescenta que o projeto ampliou sua maneira de avaliar uma candidatura. \u201cPercebi que, para escolherem um presidente da Rep\u00fablica, muitas pessoas levam a decis\u00e3o para o lado pessoal ou partid\u00e1rio e se esquecem de analisar as propostas e aquilo que est\u00e1 sendo prometido. Esse projeto fez a gente ampliar o pensamento\u201d, diz Maria Gabriela.<\/p>\n\n\n<div class=\"wp-block-image\">\n<figure class=\"aligncenter size-full is-resized\"><img decoding=\"async\" width=\"573\" height=\"426\" src=\"https:\/\/sintonizeaqui.com.br\/sintonize\/wp-content\/uploads\/2026\/09\/Escola-Projeto-Sociologia.jpg\" alt=\"Pol\u00edtica - Elei\u00e7\u00f5es 2026 na Escola Cora\u00e7\u00e3o de Jesus elegem Gabriel e Maria Gabriela\" class=\"wp-image-16702\" style=\"width:640px;height:auto\" srcset=\"https:\/\/sintonizeaqui.com.br\/sintonize\/wp-content\/uploads\/2026\/09\/Escola-Projeto-Sociologia.jpg 573w, https:\/\/sintonizeaqui.com.br\/sintonize\/wp-content\/uploads\/2026\/09\/Escola-Projeto-Sociologia-300x223.jpg 300w\" sizes=\"(max-width: 573px) 100vw, 573px\" \/><figcaption class=\"wp-element-caption\">Alunos elogiaram a iniciativa, afirmando que o Projeto Elei\u00e7\u00f5es, desenvolvido na disciplina Sociologia, ampliou pensamentos e aproximou jovens da Pol\u00edtica<\/figcaption><\/figure>\n<\/div>\n\n\n<p class=\"has-medium-font-size wp-block-paragraph\"><strong><mark style=\"background-color:rgba(0, 0, 0, 0)\" class=\"has-inline-color has-vivid-cyan-blue-color\">Reconhecimento tamb\u00e9m veio dos advers\u00e1rios<\/mark><\/strong><\/p>\n\n\n\n<p class=\"has-medium-font-size wp-block-paragraph\">A candidata \u00cdsis, que conquistou o segundo lugar, avaliou positivamente a experi\u00eancia e reconheceu a qualidade do grupo vencedor. \u201cAchei muito interessante. Investimos bastante em nossa campanha e percebemos que os eleitores votaram realmente pelas propostas. Gabriel e Gabriela, juntamente com seus ministros, arrasaram. As propostas e os discursos foram impec\u00e1veis e chamaram minha aten\u00e7\u00e3o\u201d, declara.<\/p>\n\n\n\n<p class=\"has-medium-font-size wp-block-paragraph\">\u00cdsis j\u00e1 havia participado do Parlamento Jovem de Tr\u00eas Pontas, mas ainda n\u00e3o tinha presenciado tamanho envolvimento dos colegas com a pol\u00edtica. \u201cVi todos se mobilizando nas campanhas e discutindo propostas. Como houve trabalho em equipe, amizades foram constru\u00eddas, foram fortalecidas. Pol\u00edtica tem muito disso: observar, pensar, falar, ouvir e criar opini\u00f5es\u201d, comenta.<\/p>\n\n\n\n<p class=\"has-medium-font-size wp-block-paragraph\">A postura respeitosa tamb\u00e9m esteve presente entre os eleitores. Os alunos ouviram atentamente os planos, acompanharam os pedidos de voto e mantiveram o sil\u00eancio durante as exposi\u00e7\u00f5es. Os pr\u00f3prios candidatos assistiram \u00e0s falas concorrentes com educa\u00e7\u00e3o, demonstrando que a disputa de uma elei\u00e7\u00e3o n\u00e3o precisa eliminar o respeito por quem apresenta ideias diferentes.<\/p>\n\n\n\n<p class=\"has-medium-font-size wp-block-paragraph\">Uma das equipes resumiu durante sua apresenta\u00e7\u00e3o os valores que deveriam orientar a escolha: justi\u00e7a, responsabilidade, honestidade e respeito. A orienta\u00e7\u00e3o era para que o cidad\u00e3o analisasse quais candidaturas se aproximavam desses princ\u00edpios, sem permitir que prefer\u00eancias pessoais substitu\u00edssem a avalia\u00e7\u00e3o das propostas.<\/p>\n\n\n\n<p class=\"has-medium-font-size wp-block-paragraph\"><strong><mark style=\"background-color:rgba(0, 0, 0, 0)\" class=\"has-inline-color has-vivid-cyan-blue-color\">Resultado da Elei\u00e7\u00e3o<\/mark><\/strong><\/p>\n\n\n\n<p class=\"has-medium-font-size wp-block-paragraph\">Seis chapas representando seis partidos participaram da 1\u00aa Elei\u00e7\u00e3o para Presidente, eleito na disciplina de Sociologia.<\/p>\n\n\n\n<ul class=\"wp-block-list\">\n<li class=\"has-medium-font-size\">12 \u2014 PUP, Partido Uni\u00e3o pelo Progresso: Gabriel e Maria Gabriela \u2014 37 votos \u2013 vencendo o pleito.<\/li>\n\n\n\n<li class=\"has-medium-font-size\">01 \u2014 PLD, Partido Linha da Data: \u00cdsis e Helena.<\/li>\n\n\n\n<li class=\"has-medium-font-size\">17 \u2014 PEI, Partido da Educa\u00e7\u00e3o e Inova\u00e7\u00e3o: Nycollas e Sofia.<\/li>\n\n\n\n<li class=\"has-medium-font-size\">27 \u2014 PVN, Partido Voz da Na\u00e7\u00e3o: Ravi e Valentiny.<\/li>\n\n\n\n<li class=\"has-medium-font-size\">67 \u2014 PP, Partido do Povo: Pedro e Jo\u00e3o Pedro.<\/li>\n\n\n\n<li class=\"has-medium-font-size\">31 \u2014 PR, Partido Raiz: Lara e Mariana.<\/li>\n<\/ul>\n\n\n\n<p class=\"wp-block-paragraph\"><\/p>\n\n\n\n<p class=\"has-medium-font-size wp-block-paragraph\">A apura\u00e7\u00e3o foi conduzida pela professora Juliana Lemos, com o aux\u00edlio dos professores L\u00facio Fl\u00e1vio e Vanessa Miranda. A Chapa 12 venceu com 37 votos, apenas quatro \u00e0 frente da segunda colocada, a Chapa 01, que recebeu 33.<\/p>\n\n\n\n<figure class=\"wp-block-gallery has-nested-images columns-2 is-cropped wp-block-gallery-2 is-layout-flex wp-block-gallery-is-layout-flex\">\n<figure class=\"wp-block-image size-large\"><img decoding=\"async\" width=\"640\" height=\"425\" data-id=\"16682\" src=\"https:\/\/sintonizeaqui.com.br\/sintonize\/wp-content\/uploads\/2026\/09\/ECJ-Projeto-Eleicoes-Sociologia-15-copy.jpg\" alt=\"\" class=\"wp-image-16682\" srcset=\"https:\/\/sintonizeaqui.com.br\/sintonize\/wp-content\/uploads\/2026\/09\/ECJ-Projeto-Eleicoes-Sociologia-15-copy.jpg 640w, https:\/\/sintonizeaqui.com.br\/sintonize\/wp-content\/uploads\/2026\/09\/ECJ-Projeto-Eleicoes-Sociologia-15-copy-300x199.jpg 300w\" sizes=\"(max-width: 640px) 100vw, 640px\" \/><\/figure>\n\n\n\n<figure class=\"wp-block-image size-large\"><img decoding=\"async\" width=\"640\" height=\"427\" data-id=\"16673\" src=\"https:\/\/sintonizeaqui.com.br\/sintonize\/wp-content\/uploads\/2026\/09\/ECJ-Projeto-Eleicoes-Sociologia-6-Copy.jpg\" alt=\"Pol\u00edtica - Elei\u00e7\u00f5es 2026 na Escola Cora\u00e7\u00e3o de Jesus elegem Gabriel e Maria Gabriela\" class=\"wp-image-16673\" srcset=\"https:\/\/sintonizeaqui.com.br\/sintonize\/wp-content\/uploads\/2026\/09\/ECJ-Projeto-Eleicoes-Sociologia-6-Copy.jpg 640w, https:\/\/sintonizeaqui.com.br\/sintonize\/wp-content\/uploads\/2026\/09\/ECJ-Projeto-Eleicoes-Sociologia-6-Copy-300x200.jpg 300w\" sizes=\"(max-width: 640px) 100vw, 640px\" \/><\/figure>\n\n\n\n<figure class=\"wp-block-image size-large\"><img decoding=\"async\" width=\"640\" height=\"427\" data-id=\"16678\" src=\"https:\/\/sintonizeaqui.com.br\/sintonize\/wp-content\/uploads\/2026\/09\/ECJ-Projeto-Eleicoes-Sociologia-11-Copy.jpg\" alt=\"Pol\u00edtica - Elei\u00e7\u00f5es 2026 na Escola Cora\u00e7\u00e3o de Jesus elegem Gabriel e Maria Gabriela\" class=\"wp-image-16678\" srcset=\"https:\/\/sintonizeaqui.com.br\/sintonize\/wp-content\/uploads\/2026\/09\/ECJ-Projeto-Eleicoes-Sociologia-11-Copy.jpg 640w, https:\/\/sintonizeaqui.com.br\/sintonize\/wp-content\/uploads\/2026\/09\/ECJ-Projeto-Eleicoes-Sociologia-11-Copy-300x200.jpg 300w\" sizes=\"(max-width: 640px) 100vw, 640px\" \/><\/figure>\n\n\n\n<figure class=\"wp-block-image size-large\"><img decoding=\"async\" width=\"640\" height=\"427\" data-id=\"16669\" src=\"https:\/\/sintonizeaqui.com.br\/sintonize\/wp-content\/uploads\/2026\/09\/ECJ-Projeto-Eleicoes-Sociologia-2-Copy.jpg\" alt=\"Pol\u00edtica - Elei\u00e7\u00f5es 2026 na Escola Cora\u00e7\u00e3o de Jesus elegem Gabriel e Maria Gabriela\" class=\"wp-image-16669\" srcset=\"https:\/\/sintonizeaqui.com.br\/sintonize\/wp-content\/uploads\/2026\/09\/ECJ-Projeto-Eleicoes-Sociologia-2-Copy.jpg 640w, https:\/\/sintonizeaqui.com.br\/sintonize\/wp-content\/uploads\/2026\/09\/ECJ-Projeto-Eleicoes-Sociologia-2-Copy-300x200.jpg 300w\" sizes=\"(max-width: 640px) 100vw, 640px\" \/><\/figure>\n\n\n\n<figure class=\"wp-block-image size-large\"><img decoding=\"async\" width=\"640\" height=\"427\" data-id=\"16677\" src=\"https:\/\/sintonizeaqui.com.br\/sintonize\/wp-content\/uploads\/2026\/09\/ECJ-Projeto-Eleicoes-Sociologia-10-Copy.jpg\" alt=\"Pol\u00edtica - Elei\u00e7\u00f5es 2026 na Escola Cora\u00e7\u00e3o de Jesus elegem Gabriel e Maria Gabriela\" class=\"wp-image-16677\" srcset=\"https:\/\/sintonizeaqui.com.br\/sintonize\/wp-content\/uploads\/2026\/09\/ECJ-Projeto-Eleicoes-Sociologia-10-Copy.jpg 640w, https:\/\/sintonizeaqui.com.br\/sintonize\/wp-content\/uploads\/2026\/09\/ECJ-Projeto-Eleicoes-Sociologia-10-Copy-300x200.jpg 300w\" sizes=\"(max-width: 640px) 100vw, 640px\" \/><\/figure>\n\n\n\n<figure class=\"wp-block-image size-large\"><img decoding=\"async\" width=\"640\" height=\"427\" data-id=\"16679\" src=\"https:\/\/sintonizeaqui.com.br\/sintonize\/wp-content\/uploads\/2026\/09\/ECJ-Projeto-Eleicoes-Sociologia-12-Copy.jpg\" alt=\"Pol\u00edtica - Elei\u00e7\u00f5es 2026 na Escola Cora\u00e7\u00e3o de Jesus elegem Gabriel e Maria Gabriela\" class=\"wp-image-16679\" srcset=\"https:\/\/sintonizeaqui.com.br\/sintonize\/wp-content\/uploads\/2026\/09\/ECJ-Projeto-Eleicoes-Sociologia-12-Copy.jpg 640w, https:\/\/sintonizeaqui.com.br\/sintonize\/wp-content\/uploads\/2026\/09\/ECJ-Projeto-Eleicoes-Sociologia-12-Copy-300x200.jpg 300w\" sizes=\"(max-width: 640px) 100vw, 640px\" \/><\/figure>\n<\/figure>\n\n\n\n<p class=\"has-text-align-center has-small-font-size wp-block-paragraph\"><em>Seis chapas, representando seis partidos, disputaram a 1\u00aa Elei\u00e7\u00e3o para Presidente<\/em>, <em>no projeto sobre Sociologia-Pol\u00edtica desenvolvido junto ao Ensino M\u00e9dio, na Escola Cora\u00e7\u00e3o de Jesus, de Tr\u00eas Pontas<\/em><\/p>\n\n\n\n<p class=\"has-medium-font-size wp-block-paragraph\"><strong><mark style=\"background-color:rgba(0, 0, 0, 0)\" class=\"has-inline-color has-vivid-cyan-blue-color\">Conhecimento que seguir\u00e1 al\u00e9m da sala de aula<\/mark><\/strong><\/p>\n\n\n\n<p class=\"has-medium-font-size wp-block-paragraph\">Realizada no mesmo ano em que os brasileiros voltar\u00e3o \u00e0s urnas para uma elei\u00e7\u00e3o majorit\u00e1ria, a atividade deixou uma li\u00e7\u00e3o que n\u00e3o termina com a contagem dos votos. Os alunos conheceram o trabalho existente antes de uma candidatura, aprenderam a pesquisar informa\u00e7\u00f5es, avaliar prioridades, formular propostas e apresentar solu\u00e7\u00f5es poss\u00edveis.<\/p>\n\n\n\n<p class=\"has-medium-font-size wp-block-paragraph\">A experi\u00eancia tamb\u00e9m plantou uma compreens\u00e3o importante sobre o voto consciente. Escolher representantes exige aten\u00e7\u00e3o, responsabilidade e disposi\u00e7\u00e3o para conhecer projetos, verificar informa\u00e7\u00f5es e acompanhar a atua\u00e7\u00e3o daqueles que recebem a confian\u00e7a da popula\u00e7\u00e3o.<\/p>\n\n\n\n<p class=\"has-medium-font-size wp-block-paragraph\">Na Escola Cora\u00e7\u00e3o de Jesus, Gabriel e Maria Gabriela celebraram a vit\u00f3ria, \u00cdsis reconheceu o m\u00e9rito dos vencedores e todos os participantes sa\u00edram com uma vis\u00e3o ampliada sobre pol\u00edtica e cidadania. O resultado principal, portanto, n\u00e3o coube apenas na urna: ficou registrado no conhecimento adquirido por candidatos, equipes, professores e alunos eleitores.<\/p>\n\n\n\n<p class=\"has-medium-font-size wp-block-paragraph\">Em um pa\u00eds que j\u00e1 vive novamente a intensidade de uma campanha nacional, a esperan\u00e7a \u00e9 que os jovens levem essa aprendizagem para suas fam\u00edlias, suas comunidades e suas futuras escolhas, preservando o di\u00e1logo, a an\u00e1lise respons\u00e1vel das propostas e o respeito democr\u00e1tico.<\/p>\n\n\n\n<figure class=\"wp-block-gallery has-nested-images columns-2 is-cropped wp-block-gallery-3 is-layout-flex wp-block-gallery-is-layout-flex\">\n<figure class=\"wp-block-image size-large\"><img decoding=\"async\" width=\"640\" height=\"427\" data-id=\"16671\" src=\"https:\/\/sintonizeaqui.com.br\/sintonize\/wp-content\/uploads\/2026\/09\/ECJ-Projeto-Eleicoes-Sociologia-4-Copy.jpg\" alt=\"\" class=\"wp-image-16671\" srcset=\"https:\/\/sintonizeaqui.com.br\/sintonize\/wp-content\/uploads\/2026\/09\/ECJ-Projeto-Eleicoes-Sociologia-4-Copy.jpg 640w, https:\/\/sintonizeaqui.com.br\/sintonize\/wp-content\/uploads\/2026\/09\/ECJ-Projeto-Eleicoes-Sociologia-4-Copy-300x200.jpg 300w\" sizes=\"(max-width: 640px) 100vw, 640px\" \/><\/figure>\n\n\n\n<figure class=\"wp-block-image size-large\"><img decoding=\"async\" width=\"640\" height=\"427\" data-id=\"16672\" src=\"https:\/\/sintonizeaqui.com.br\/sintonize\/wp-content\/uploads\/2026\/09\/ECJ-Projeto-Eleicoes-Sociologia-5-Copy.jpg\" alt=\"\" class=\"wp-image-16672\" srcset=\"https:\/\/sintonizeaqui.com.br\/sintonize\/wp-content\/uploads\/2026\/09\/ECJ-Projeto-Eleicoes-Sociologia-5-Copy.jpg 640w, https:\/\/sintonizeaqui.com.br\/sintonize\/wp-content\/uploads\/2026\/09\/ECJ-Projeto-Eleicoes-Sociologia-5-Copy-300x200.jpg 300w\" sizes=\"(max-width: 640px) 100vw, 640px\" \/><\/figure>\n\n\n\n<figure class=\"wp-block-image size-large\"><img decoding=\"async\" width=\"640\" height=\"427\" data-id=\"16670\" src=\"https:\/\/sintonizeaqui.com.br\/sintonize\/wp-content\/uploads\/2026\/09\/ECJ-Projeto-Eleicoes-Sociologia-3-Copy.jpg\" alt=\"Pol\u00edtica - Elei\u00e7\u00f5es 2026 na Escola Cora\u00e7\u00e3o de Jesus elegem Gabriel e Maria Gabriela\" class=\"wp-image-16670\" srcset=\"https:\/\/sintonizeaqui.com.br\/sintonize\/wp-content\/uploads\/2026\/09\/ECJ-Projeto-Eleicoes-Sociologia-3-Copy.jpg 640w, https:\/\/sintonizeaqui.com.br\/sintonize\/wp-content\/uploads\/2026\/09\/ECJ-Projeto-Eleicoes-Sociologia-3-Copy-300x200.jpg 300w\" sizes=\"(max-width: 640px) 100vw, 640px\" \/><\/figure>\n\n\n\n<figure class=\"wp-block-image size-large\"><img decoding=\"async\" width=\"640\" height=\"426\" data-id=\"16684\" src=\"https:\/\/sintonizeaqui.com.br\/sintonize\/wp-content\/uploads\/2026\/09\/ECJ-Projeto-Eleicoes-Sociologia-16.jpg\" alt=\"Pol\u00edtica - Elei\u00e7\u00f5es 2026 na Escola Cora\u00e7\u00e3o de Jesus elegem Gabriel e Maria Gabriela\" class=\"wp-image-16684\" srcset=\"https:\/\/sintonizeaqui.com.br\/sintonize\/wp-content\/uploads\/2026\/09\/ECJ-Projeto-Eleicoes-Sociologia-16.jpg 640w, https:\/\/sintonizeaqui.com.br\/sintonize\/wp-content\/uploads\/2026\/09\/ECJ-Projeto-Eleicoes-Sociologia-16-300x200.jpg 300w\" sizes=\"(max-width: 640px) 100vw, 640px\" \/><\/figure>\n\n\n\n<figure class=\"wp-block-image size-large\"><img decoding=\"async\" width=\"640\" height=\"427\" data-id=\"16680\" src=\"https:\/\/sintonizeaqui.com.br\/sintonize\/wp-content\/uploads\/2026\/09\/ECJ-Projeto-Eleicoes-Sociologia-13-Copy.jpg\" alt=\"Pol\u00edtica - Elei\u00e7\u00f5es 2026 na Escola Cora\u00e7\u00e3o de Jesus elegem Gabriel e Maria Gabriela\" class=\"wp-image-16680\" srcset=\"https:\/\/sintonizeaqui.com.br\/sintonize\/wp-content\/uploads\/2026\/09\/ECJ-Projeto-Eleicoes-Sociologia-13-Copy.jpg 640w, https:\/\/sintonizeaqui.com.br\/sintonize\/wp-content\/uploads\/2026\/09\/ECJ-Projeto-Eleicoes-Sociologia-13-Copy-300x200.jpg 300w\" sizes=\"(max-width: 640px) 100vw, 640px\" \/><\/figure>\n\n\n\n<figure class=\"wp-block-image size-large\"><img decoding=\"async\" width=\"640\" height=\"427\" data-id=\"16681\" src=\"https:\/\/sintonizeaqui.com.br\/sintonize\/wp-content\/uploads\/2026\/09\/ECJ-Projeto-Eleicoes-Sociologia-14-Copy.jpg\" alt=\"Pol\u00edtica - Elei\u00e7\u00f5es 2026 na Escola Cora\u00e7\u00e3o de Jesus elegem Gabriel e Maria Gabriela\" class=\"wp-image-16681\" srcset=\"https:\/\/sintonizeaqui.com.br\/sintonize\/wp-content\/uploads\/2026\/09\/ECJ-Projeto-Eleicoes-Sociologia-14-Copy.jpg 640w, https:\/\/sintonizeaqui.com.br\/sintonize\/wp-content\/uploads\/2026\/09\/ECJ-Projeto-Eleicoes-Sociologia-14-Copy-300x200.jpg 300w\" sizes=\"(max-width: 640px) 100vw, 640px\" \/><\/figure>\n<\/figure>\n\n\n\n<p class=\"has-text-align-center wp-block-paragraph\"><em>Pesquisa, estudo, trabalho em equipe, seriedade, respeito ao pr\u00f3ximo. O resultado principal do projeto ficou registrado no conhecimento adquirido pelos alunos. Esperan\u00e7a \u00e9 que os jovens levem essa aprendizagem para suas fam\u00edlias, suas comunidades e suas futuras escolhas, preservando o di\u00e1logo, a an\u00e1lise respons\u00e1vel das propostas e o respeito democr\u00e1tico<\/em><\/p>\n\n\n\n<hr class=\"wp-block-separator has-alpha-channel-opacity\"\/>\n\n\n\n<p class=\"has-medium-font-size wp-block-paragraph\"><strong><a href=\"https:\/\/www.facebook.com\/escolacoracaodejesus110\">Sintonize mais:<\/a><\/strong> <strong><a href=\"https:\/\/sintonizeaqui.com.br\/sintonize\/mpmg-abre-selecao-para-estagiario-de-direito-em-tres-pontas\/\">MPMG abre sele\u00e7\u00e3o para estagi\u00e1rio de Direito em Tr\u00eas Pontas<\/a><\/strong><\/p>\n\n\n\n<p class=\"wp-block-paragraph\"><\/p>\n","protected":false},"excerpt":{"rendered":"<p>Projeto de Sociologia transforma alunos em candidatos e eleitores, com campanhas, planos de governo, vota\u00e7\u00e3o inspirados no processo eleitoral brasileiro<\/p>\n","protected":false},"author":2,"featured_media":16682,"comment_status":"closed","ping_status":"open","sticky":false,"template":"","format":"standard","meta":{"iawp_total_views":20,"footnotes":""},"categories":[19,3],"tags":[],"class_list":["post-16668","post","type-post","status-publish","format-standard","has-post-thumbnail","hentry","category-cultura","category-destaques"],"yoast_head":"<!-- This site is optimized with the Yoast SEO plugin v28.4 - https:\/\/yoast.com\/product\/yoast-seo-wordpress\/ -->\n<title>Pol\u00edtica - Elei\u00e7\u00f5es 2026 na Escola Cora\u00e7\u00e3o de Jesus<\/title>\n<meta name=\"description\" content=\"Pol\u00edtica - Elei\u00e7\u00f5es 2026 na Escola Cora\u00e7\u00e3o de Jesus elegem Gabriel e Maria Gabriela. Projeto foi inspirado no processo eleitoral brasileiro\" \/>\n<meta name=\"robots\" content=\"index, follow, max-snippet:-1, max-image-preview:large, max-video-preview:-1\" \/>\n<link rel=\"canonical\" href=\"https:\/\/sintonizeaqui.com.br\/sintonize\/politica-eleicoes-2026-na-escola-coracao-de-jesus-elegem-gabriel-e-maria-gabriela\/\" \/>\n<meta property=\"og:locale\" content=\"pt_BR\" \/>\n<meta property=\"og:type\" content=\"article\" \/>\n<meta property=\"og:title\" content=\"Pol\u00edtica - Elei\u00e7\u00f5es 2026 na Escola Cora\u00e7\u00e3o de Jesus\" \/>\n<meta property=\"og:description\" content=\"Pol\u00edtica - Elei\u00e7\u00f5es 2026 na Escola Cora\u00e7\u00e3o de Jesus elegem Gabriel e Maria Gabriela. Projeto foi inspirado no processo eleitoral brasileiro\" \/>\n<meta property=\"og:url\" content=\"https:\/\/sintonizeaqui.com.br\/sintonize\/politica-eleicoes-2026-na-escola-coracao-de-jesus-elegem-gabriel-e-maria-gabriela\/\" \/>\n<meta property=\"og:site_name\" content=\"SintonizeAqui\" \/>\n<meta property=\"article:publisher\" content=\"https:\/\/pt-br.facebook.com\/Sintonizeaqui\/\" \/>\n<meta property=\"article:published_time\" content=\"2026-09-02T19:52:40+00:00\" \/>\n<meta property=\"article:modified_time\" content=\"2026-09-02T19:55:18+00:00\" \/>\n<meta property=\"og:image\" content=\"https:\/\/sintonizeaqui.com.br\/sintonize\/wp-content\/uploads\/2026\/09\/ECJ-Projeto-Eleicoes-Sociologia-15-copy.jpg\" \/>\n\t<meta property=\"og:image:width\" content=\"640\" \/>\n\t<meta property=\"og:image:height\" content=\"425\" \/>\n\t<meta property=\"og:image:type\" content=\"image\/jpeg\" \/>\n<meta name=\"author\" content=\"Sintonize Aqui\" \/>\n<meta name=\"twitter:card\" content=\"summary_large_image\" \/>\n<meta name=\"twitter:label1\" content=\"Escrito por\" \/>\n\t<meta name=\"twitter:data1\" content=\"Sintonize Aqui\" \/>\n\t<meta name=\"twitter:label2\" content=\"Est. tempo de leitura\" \/>\n\t<meta name=\"twitter:data2\" content=\"14 minutos\" \/>\n<script type=\"application\/ld+json\" class=\"yoast-schema-graph\">{\"@context\":\"https:\\\/\\\/schema.org\",\"@graph\":[{\"@type\":\"Article\",\"@id\":\"https:\\\/\\\/sintonizeaqui.com.br\\\/sintonize\\\/politica-eleicoes-2026-na-escola-coracao-de-jesus-elegem-gabriel-e-maria-gabriela\\\/#article\",\"isPartOf\":{\"@id\":\"https:\\\/\\\/sintonizeaqui.com.br\\\/sintonize\\\/politica-eleicoes-2026-na-escola-coracao-de-jesus-elegem-gabriel-e-maria-gabriela\\\/\"},\"author\":{\"name\":\"Sintonize Aqui\",\"@id\":\"https:\\\/\\\/sintonizeaqui.com.br\\\/sintonize\\\/#\\\/schema\\\/person\\\/a11ed5ad987e446d168b6926254223ba\"},\"headline\":\"Elei\u00e7\u00f5es 2026 na Escola Cora\u00e7\u00e3o de Jesus elegem Gabriel e Maria Gabriela\",\"datePublished\":\"2026-09-02T19:52:40+00:00\",\"dateModified\":\"2026-09-02T19:55:18+00:00\",\"mainEntityOfPage\":{\"@id\":\"https:\\\/\\\/sintonizeaqui.com.br\\\/sintonize\\\/politica-eleicoes-2026-na-escola-coracao-de-jesus-elegem-gabriel-e-maria-gabriela\\\/\"},\"wordCount\":1959,\"publisher\":{\"@id\":\"https:\\\/\\\/sintonizeaqui.com.br\\\/sintonize\\\/#organization\"},\"image\":{\"@id\":\"https:\\\/\\\/sintonizeaqui.com.br\\\/sintonize\\\/politica-eleicoes-2026-na-escola-coracao-de-jesus-elegem-gabriel-e-maria-gabriela\\\/#primaryimage\"},\"thumbnailUrl\":\"https:\\\/\\\/sintonizeaqui.com.br\\\/sintonize\\\/wp-content\\\/uploads\\\/2026\\\/09\\\/ECJ-Projeto-Eleicoes-Sociologia-15-copy.jpg\",\"articleSection\":[\"Cultura\",\"Destaques\"],\"inLanguage\":\"pt-BR\"},{\"@type\":\"WebPage\",\"@id\":\"https:\\\/\\\/sintonizeaqui.com.br\\\/sintonize\\\/politica-eleicoes-2026-na-escola-coracao-de-jesus-elegem-gabriel-e-maria-gabriela\\\/\",\"url\":\"https:\\\/\\\/sintonizeaqui.com.br\\\/sintonize\\\/politica-eleicoes-2026-na-escola-coracao-de-jesus-elegem-gabriel-e-maria-gabriela\\\/\",\"name\":\"Pol\u00edtica - Elei\u00e7\u00f5es 2026 na Escola Cora\u00e7\u00e3o de Jesus\",\"isPartOf\":{\"@id\":\"https:\\\/\\\/sintonizeaqui.com.br\\\/sintonize\\\/#website\"},\"primaryImageOfPage\":{\"@id\":\"https:\\\/\\\/sintonizeaqui.com.br\\\/sintonize\\\/politica-eleicoes-2026-na-escola-coracao-de-jesus-elegem-gabriel-e-maria-gabriela\\\/#primaryimage\"},\"image\":{\"@id\":\"https:\\\/\\\/sintonizeaqui.com.br\\\/sintonize\\\/politica-eleicoes-2026-na-escola-coracao-de-jesus-elegem-gabriel-e-maria-gabriela\\\/#primaryimage\"},\"thumbnailUrl\":\"https:\\\/\\\/sintonizeaqui.com.br\\\/sintonize\\\/wp-content\\\/uploads\\\/2026\\\/09\\\/ECJ-Projeto-Eleicoes-Sociologia-15-copy.jpg\",\"datePublished\":\"2026-09-02T19:52:40+00:00\",\"dateModified\":\"2026-09-02T19:55:18+00:00\",\"description\":\"Pol\u00edtica - Elei\u00e7\u00f5es 2026 na Escola Cora\u00e7\u00e3o de Jesus elegem Gabriel e Maria Gabriela. Projeto foi inspirado no processo eleitoral brasileiro\",\"breadcrumb\":{\"@id\":\"https:\\\/\\\/sintonizeaqui.com.br\\\/sintonize\\\/politica-eleicoes-2026-na-escola-coracao-de-jesus-elegem-gabriel-e-maria-gabriela\\\/#breadcrumb\"},\"inLanguage\":\"pt-BR\",\"potentialAction\":[{\"@type\":\"ReadAction\",\"target\":[\"https:\\\/\\\/sintonizeaqui.com.br\\\/sintonize\\\/politica-eleicoes-2026-na-escola-coracao-de-jesus-elegem-gabriel-e-maria-gabriela\\\/\"]}]},{\"@type\":\"ImageObject\",\"inLanguage\":\"pt-BR\",\"@id\":\"https:\\\/\\\/sintonizeaqui.com.br\\\/sintonize\\\/politica-eleicoes-2026-na-escola-coracao-de-jesus-elegem-gabriel-e-maria-gabriela\\\/#primaryimage\",\"url\":\"https:\\\/\\\/sintonizeaqui.com.br\\\/sintonize\\\/wp-content\\\/uploads\\\/2026\\\/09\\\/ECJ-Projeto-Eleicoes-Sociologia-15-copy.jpg\",\"contentUrl\":\"https:\\\/\\\/sintonizeaqui.com.br\\\/sintonize\\\/wp-content\\\/uploads\\\/2026\\\/09\\\/ECJ-Projeto-Eleicoes-Sociologia-15-copy.jpg\",\"width\":640,\"height\":425},{\"@type\":\"BreadcrumbList\",\"@id\":\"https:\\\/\\\/sintonizeaqui.com.br\\\/sintonize\\\/politica-eleicoes-2026-na-escola-coracao-de-jesus-elegem-gabriel-e-maria-gabriela\\\/#breadcrumb\",\"itemListElement\":[{\"@type\":\"ListItem\",\"position\":1,\"name\":\"In\u00edcio\",\"item\":\"https:\\\/\\\/sintonizeaqui.com.br\\\/sintonize\\\/\"},{\"@type\":\"ListItem\",\"position\":2,\"name\":\"Elei\u00e7\u00f5es 2026 na Escola Cora\u00e7\u00e3o de Jesus elegem Gabriel e Maria Gabriela\"}]},{\"@type\":\"WebSite\",\"@id\":\"https:\\\/\\\/sintonizeaqui.com.br\\\/sintonize\\\/#website\",\"url\":\"https:\\\/\\\/sintonizeaqui.com.br\\\/sintonize\\\/\",\"name\":\"SintonizeAqui\",\"description\":\"Not\u00edcias de Tr\u00eas Pontas e informa\u00e7\u00f5es \u00fateis para o trespontano!\",\"publisher\":{\"@id\":\"https:\\\/\\\/sintonizeaqui.com.br\\\/sintonize\\\/#organization\"},\"potentialAction\":[{\"@type\":\"SearchAction\",\"target\":{\"@type\":\"EntryPoint\",\"urlTemplate\":\"https:\\\/\\\/sintonizeaqui.com.br\\\/sintonize\\\/?s={search_term_string}\"},\"query-input\":{\"@type\":\"PropertyValueSpecification\",\"valueRequired\":true,\"valueName\":\"search_term_string\"}}],\"inLanguage\":\"pt-BR\"},{\"@type\":\"Organization\",\"@id\":\"https:\\\/\\\/sintonizeaqui.com.br\\\/sintonize\\\/#organization\",\"name\":\"SintonizeAqui\",\"url\":\"https:\\\/\\\/sintonizeaqui.com.br\\\/sintonize\\\/\",\"logo\":{\"@type\":\"ImageObject\",\"inLanguage\":\"pt-BR\",\"@id\":\"https:\\\/\\\/sintonizeaqui.com.br\\\/sintonize\\\/#\\\/schema\\\/logo\\\/image\\\/\",\"url\":\"https:\\\/\\\/sintonizeaqui.com.br\\\/sintonize\\\/wp-content\\\/uploads\\\/2022\\\/01\\\/cropped-NovaLoja.jpeg\",\"contentUrl\":\"https:\\\/\\\/sintonizeaqui.com.br\\\/sintonize\\\/wp-content\\\/uploads\\\/2022\\\/01\\\/cropped-NovaLoja.jpeg\",\"width\":528,\"height\":285,\"caption\":\"SintonizeAqui\"},\"image\":{\"@id\":\"https:\\\/\\\/sintonizeaqui.com.br\\\/sintonize\\\/#\\\/schema\\\/logo\\\/image\\\/\"},\"sameAs\":[\"https:\\\/\\\/pt-br.facebook.com\\\/Sintonizeaqui\\\/\"]},{\"@type\":\"Person\",\"@id\":\"https:\\\/\\\/sintonizeaqui.com.br\\\/sintonize\\\/#\\\/schema\\\/person\\\/a11ed5ad987e446d168b6926254223ba\",\"name\":\"Sintonize Aqui\",\"image\":{\"@type\":\"ImageObject\",\"inLanguage\":\"pt-BR\",\"@id\":\"https:\\\/\\\/secure.gravatar.com\\\/avatar\\\/4f9604391ac50df73cbad665333b2dd11254c2673bfabb6aab9a00a317ab3fa3?s=96&d=mm&r=g\",\"url\":\"https:\\\/\\\/secure.gravatar.com\\\/avatar\\\/4f9604391ac50df73cbad665333b2dd11254c2673bfabb6aab9a00a317ab3fa3?s=96&d=mm&r=g\",\"contentUrl\":\"https:\\\/\\\/secure.gravatar.com\\\/avatar\\\/4f9604391ac50df73cbad665333b2dd11254c2673bfabb6aab9a00a317ab3fa3?s=96&d=mm&r=g\",\"caption\":\"Sintonize Aqui\"},\"url\":\"https:\\\/\\\/sintonizeaqui.com.br\\\/sintonize\\\/author\\\/arlene\\\/\"}]}<\/script>\n<!-- \/ Yoast SEO plugin. -->","yoast_head_json":{"title":"Pol\u00edtica - Elei\u00e7\u00f5es 2026 na Escola Cora\u00e7\u00e3o de Jesus","description":"Pol\u00edtica - Elei\u00e7\u00f5es 2026 na Escola Cora\u00e7\u00e3o de Jesus elegem Gabriel e Maria Gabriela. Projeto foi inspirado no processo eleitoral brasileiro","robots":{"index":"index","follow":"follow","max-snippet":"max-snippet:-1","max-image-preview":"max-image-preview:large","max-video-preview":"max-video-preview:-1"},"canonical":"https:\/\/sintonizeaqui.com.br\/sintonize\/politica-eleicoes-2026-na-escola-coracao-de-jesus-elegem-gabriel-e-maria-gabriela\/","og_locale":"pt_BR","og_type":"article","og_title":"Pol\u00edtica - Elei\u00e7\u00f5es 2026 na Escola Cora\u00e7\u00e3o de Jesus","og_description":"Pol\u00edtica - Elei\u00e7\u00f5es 2026 na Escola Cora\u00e7\u00e3o de Jesus elegem Gabriel e Maria Gabriela. Projeto foi inspirado no processo eleitoral brasileiro","og_url":"https:\/\/sintonizeaqui.com.br\/sintonize\/politica-eleicoes-2026-na-escola-coracao-de-jesus-elegem-gabriel-e-maria-gabriela\/","og_site_name":"SintonizeAqui","article_publisher":"https:\/\/pt-br.facebook.com\/Sintonizeaqui\/","article_published_time":"2026-09-02T19:52:40+00:00","article_modified_time":"2026-09-02T19:55:18+00:00","og_image":[{"width":640,"height":425,"url":"https:\/\/sintonizeaqui.com.br\/sintonize\/wp-content\/uploads\/2026\/09\/ECJ-Projeto-Eleicoes-Sociologia-15-copy.jpg","type":"image\/jpeg"}],"author":"Sintonize Aqui","twitter_card":"summary_large_image","twitter_misc":{"Escrito por":"Sintonize Aqui","Est. tempo de leitura":"14 minutos"},"schema":{"@context":"https:\/\/schema.org","@graph":[{"@type":"Article","@id":"https:\/\/sintonizeaqui.com.br\/sintonize\/politica-eleicoes-2026-na-escola-coracao-de-jesus-elegem-gabriel-e-maria-gabriela\/#article","isPartOf":{"@id":"https:\/\/sintonizeaqui.com.br\/sintonize\/politica-eleicoes-2026-na-escola-coracao-de-jesus-elegem-gabriel-e-maria-gabriela\/"},"author":{"name":"Sintonize Aqui","@id":"https:\/\/sintonizeaqui.com.br\/sintonize\/#\/schema\/person\/a11ed5ad987e446d168b6926254223ba"},"headline":"Elei\u00e7\u00f5es 2026 na Escola Cora\u00e7\u00e3o de Jesus elegem Gabriel e Maria Gabriela","datePublished":"2026-09-02T19:52:40+00:00","dateModified":"2026-09-02T19:55:18+00:00","mainEntityOfPage":{"@id":"https:\/\/sintonizeaqui.com.br\/sintonize\/politica-eleicoes-2026-na-escola-coracao-de-jesus-elegem-gabriel-e-maria-gabriela\/"},"wordCount":1959,"publisher":{"@id":"https:\/\/sintonizeaqui.com.br\/sintonize\/#organization"},"image":{"@id":"https:\/\/sintonizeaqui.com.br\/sintonize\/politica-eleicoes-2026-na-escola-coracao-de-jesus-elegem-gabriel-e-maria-gabriela\/#primaryimage"},"thumbnailUrl":"https:\/\/sintonizeaqui.com.br\/sintonize\/wp-content\/uploads\/2026\/09\/ECJ-Projeto-Eleicoes-Sociologia-15-copy.jpg","articleSection":["Cultura","Destaques"],"inLanguage":"pt-BR"},{"@type":"WebPage","@id":"https:\/\/sintonizeaqui.com.br\/sintonize\/politica-eleicoes-2026-na-escola-coracao-de-jesus-elegem-gabriel-e-maria-gabriela\/","url":"https:\/\/sintonizeaqui.com.br\/sintonize\/politica-eleicoes-2026-na-escola-coracao-de-jesus-elegem-gabriel-e-maria-gabriela\/","name":"Pol\u00edtica - Elei\u00e7\u00f5es 2026 na Escola Cora\u00e7\u00e3o de Jesus","isPartOf":{"@id":"https:\/\/sintonizeaqui.com.br\/sintonize\/#website"},"primaryImageOfPage":{"@id":"https:\/\/sintonizeaqui.com.br\/sintonize\/politica-eleicoes-2026-na-escola-coracao-de-jesus-elegem-gabriel-e-maria-gabriela\/#primaryimage"},"image":{"@id":"https:\/\/sintonizeaqui.com.br\/sintonize\/politica-eleicoes-2026-na-escola-coracao-de-jesus-elegem-gabriel-e-maria-gabriela\/#primaryimage"},"thumbnailUrl":"https:\/\/sintonizeaqui.com.br\/sintonize\/wp-content\/uploads\/2026\/09\/ECJ-Projeto-Eleicoes-Sociologia-15-copy.jpg","datePublished":"2026-09-02T19:52:40+00:00","dateModified":"2026-09-02T19:55:18+00:00","description":"Pol\u00edtica - Elei\u00e7\u00f5es 2026 na Escola Cora\u00e7\u00e3o de Jesus elegem Gabriel e Maria Gabriela. Projeto foi inspirado no processo eleitoral brasileiro","breadcrumb":{"@id":"https:\/\/sintonizeaqui.com.br\/sintonize\/politica-eleicoes-2026-na-escola-coracao-de-jesus-elegem-gabriel-e-maria-gabriela\/#breadcrumb"},"inLanguage":"pt-BR","potentialAction":[{"@type":"ReadAction","target":["https:\/\/sintonizeaqui.com.br\/sintonize\/politica-eleicoes-2026-na-escola-coracao-de-jesus-elegem-gabriel-e-maria-gabriela\/"]}]},{"@type":"ImageObject","inLanguage":"pt-BR","@id":"https:\/\/sintonizeaqui.com.br\/sintonize\/politica-eleicoes-2026-na-escola-coracao-de-jesus-elegem-gabriel-e-maria-gabriela\/#primaryimage","url":"https:\/\/sintonizeaqui.com.br\/sintonize\/wp-content\/uploads\/2026\/09\/ECJ-Projeto-Eleicoes-Sociologia-15-copy.jpg","contentUrl":"https:\/\/sintonizeaqui.com.br\/sintonize\/wp-content\/uploads\/2026\/09\/ECJ-Projeto-Eleicoes-Sociologia-15-copy.jpg","width":640,"height":425},{"@type":"BreadcrumbList","@id":"https:\/\/sintonizeaqui.com.br\/sintonize\/politica-eleicoes-2026-na-escola-coracao-de-jesus-elegem-gabriel-e-maria-gabriela\/#breadcrumb","itemListElement":[{"@type":"ListItem","position":1,"name":"In\u00edcio","item":"https:\/\/sintonizeaqui.com.br\/sintonize\/"},{"@type":"ListItem","position":2,"name":"Elei\u00e7\u00f5es 2026 na Escola Cora\u00e7\u00e3o de Jesus elegem Gabriel e Maria Gabriela"}]},{"@type":"WebSite","@id":"https:\/\/sintonizeaqui.com.br\/sintonize\/#website","url":"https:\/\/sintonizeaqui.com.br\/sintonize\/","name":"SintonizeAqui","description":"Not\u00edcias de Tr\u00eas Pontas e informa\u00e7\u00f5es \u00fateis para o trespontano!","publisher":{"@id":"https:\/\/sintonizeaqui.com.br\/sintonize\/#organization"},"potentialAction":[{"@type":"SearchAction","target":{"@type":"EntryPoint","urlTemplate":"https:\/\/sintonizeaqui.com.br\/sintonize\/?s={search_term_string}"},"query-input":{"@type":"PropertyValueSpecification","valueRequired":true,"valueName":"search_term_string"}}],"inLanguage":"pt-BR"},{"@type":"Organization","@id":"https:\/\/sintonizeaqui.com.br\/sintonize\/#organization","name":"SintonizeAqui","url":"https:\/\/sintonizeaqui.com.br\/sintonize\/","logo":{"@type":"ImageObject","inLanguage":"pt-BR","@id":"https:\/\/sintonizeaqui.com.br\/sintonize\/#\/schema\/logo\/image\/","url":"https:\/\/sintonizeaqui.com.br\/sintonize\/wp-content\/uploads\/2022\/01\/cropped-NovaLoja.jpeg","contentUrl":"https:\/\/sintonizeaqui.com.br\/sintonize\/wp-content\/uploads\/2022\/01\/cropped-NovaLoja.jpeg","width":528,"height":285,"caption":"SintonizeAqui"},"image":{"@id":"https:\/\/sintonizeaqui.com.br\/sintonize\/#\/schema\/logo\/image\/"},"sameAs":["https:\/\/pt-br.facebook.com\/Sintonizeaqui\/"]},{"@type":"Person","@id":"https:\/\/sintonizeaqui.com.br\/sintonize\/#\/schema\/person\/a11ed5ad987e446d168b6926254223ba","name":"Sintonize Aqui","image":{"@type":"ImageObject","inLanguage":"pt-BR","@id":"https:\/\/secure.gravatar.com\/avatar\/4f9604391ac50df73cbad665333b2dd11254c2673bfabb6aab9a00a317ab3fa3?s=96&d=mm&r=g","url":"https:\/\/secure.gravatar.com\/avatar\/4f9604391ac50df73cbad665333b2dd11254c2673bfabb6aab9a00a317ab3fa3?s=96&d=mm&r=g","contentUrl":"https:\/\/secure.gravatar.com\/avatar\/4f9604391ac50df73cbad665333b2dd11254c2673bfabb6aab9a00a317ab3fa3?s=96&d=mm&r=g","caption":"Sintonize Aqui"},"url":"https:\/\/sintonizeaqui.com.br\/sintonize\/author\/arlene\/"}]}},"_links":{"self":[{"href":"https:\/\/sintonizeaqui.com.br\/sintonize\/wp-json\/wp\/v2\/posts\/16668","targetHints":{"allow":["GET"]}}],"collection":[{"href":"https:\/\/sintonizeaqui.com.br\/sintonize\/wp-json\/wp\/v2\/posts"}],"about":[{"href":"https:\/\/sintonizeaqui.com.br\/sintonize\/wp-json\/wp\/v2\/types\/post"}],"author":[{"embeddable":true,"href":"https:\/\/sintonizeaqui.com.br\/sintonize\/wp-json\/wp\/v2\/users\/2"}],"replies":[{"embeddable":true,"href":"https:\/\/sintonizeaqui.com.br\/sintonize\/wp-json\/wp\/v2\/comments?post=16668"}],"version-history":[{"count":10,"href":"https:\/\/sintonizeaqui.com.br\/sintonize\/wp-json\/wp\/v2\/posts\/16668\/revisions"}],"predecessor-version":[{"id":16705,"href":"https:\/\/sintonizeaqui.com.br\/sintonize\/wp-json\/wp\/v2\/posts\/16668\/revisions\/16705"}],"wp:featuredmedia":[{"embeddable":true,"href":"https:\/\/sintonizeaqui.com.br\/sintonize\/wp-json\/wp\/v2\/media\/16682"}],"wp:attachment":[{"href":"https:\/\/sintonizeaqui.com.br\/sintonize\/wp-json\/wp\/v2\/media?parent=16668"}],"wp:term":[{"taxonomy":"category","embeddable":true,"href":"https:\/\/sintonizeaqui.com.br\/sintonize\/wp-json\/wp\/v2\/categories?post=16668"},{"taxonomy":"post_tag","embeddable":true,"href":"https:\/\/sintonizeaqui.com.br\/sintonize\/wp-json\/wp\/v2\/tags?post=16668"}],"curies":[{"name":"wp","href":"https:\/\/api.w.org\/{rel}","templated":true}]}}