{"id":16641,"date":"2026-08-29T07:00:00","date_gmt":"2026-08-29T10:00:00","guid":{"rendered":"https:\/\/sintonizeaqui.com.br\/sintonize\/?p=16641"},"modified":"2026-08-29T08:26:37","modified_gmt":"2026-08-29T11:26:37","slug":"acaitp-participa-da-construcao-de-manifesto-que-reune-entidades-do-sul-de-minas-em-defesa-do-desenvolvimento-regional","status":"publish","type":"post","link":"https:\/\/sintonizeaqui.com.br\/sintonize\/acaitp-participa-da-construcao-de-manifesto-que-reune-entidades-do-sul-de-minas-em-defesa-do-desenvolvimento-regional\/","title":{"rendered":"ACAITP participa da constru\u00e7\u00e3o de Manifesto que re\u00fane entidades do Sul de Minas em defesa do desenvolvimento regional"},"content":{"rendered":"<div class='booster-block booster-read-block'><\/div>\n<p class=\"has-medium-font-size wp-block-paragraph\"><strong><em>Associa\u00e7\u00e3o Comercial e Agroindustrial de Tr\u00eas Pontas integra movimento que re\u00fane 20 entidades em torno de propostas para infraestrutura, economia, qualifica\u00e7\u00e3o, turismo, seguran\u00e7a e gera\u00e7\u00e3o de oportunidades<\/em><\/strong><\/p>\n\n\n\n<p class=\"has-medium-font-size wp-block-paragraph\">A Associa\u00e7\u00e3o Comercial e Agroindustrial de Tr\u00eas Pontas (ACAITP) participou, na noite da \u00faltima quarta-feira (26), do 10\u00ba Encontro das Associa\u00e7\u00f5es Comerciais da Microrregi\u00e3o de Varginha, realizado em Varginha. O encontro marcou o lan\u00e7amento oficial do Manifesto Sul de Minas.<\/p>\n\n\n\n<p class=\"has-medium-font-size wp-block-paragraph\">Constru\u00eddo de forma coletiva e assinado por 20 entidades representativas de diferentes munic\u00edpios e setores, o documento re\u00fane diagn\u00f3sticos, demandas e propostas consideradas estrat\u00e9gicas para o desenvolvimento econ\u00f4mico e social da regi\u00e3o. A ACAITP \u00e9 uma das entidades signat\u00e1rias do Manifesto, refor\u00e7ando o compromisso de Tr\u00eas Pontas com uma agenda regional de desenvolvimento.<\/p>\n\n\n\n<p class=\"has-medium-font-size wp-block-paragraph\">O documento foi entregue durante o encontro ao governador de Minas Gerais, Mateus Sim\u00f5es, ao senador Carlos Viana e ao candidato a deputado estadual Bruno Ara\u00fajo, com o objetivo de ampliar o di\u00e1logo com as lideran\u00e7as p\u00fablicas e buscar compromissos com as demandas apresentadas pelas entidades.<\/p>\n\n\n<div class=\"wp-block-image\">\n<figure class=\"aligncenter size-full\"><img decoding=\"async\" width=\"640\" height=\"480\" src=\"https:\/\/sintonizeaqui.com.br\/sintonize\/wp-content\/uploads\/2026\/08\/ACAITP-Manifesto-01.jpeg\" alt=\"ACAITP participa da constru\u00e7\u00e3o de Manifesto que re\u00fane entidades do Sul de Minas em defesa do desenvolvimento regional\" class=\"wp-image-16644\" srcset=\"https:\/\/sintonizeaqui.com.br\/sintonize\/wp-content\/uploads\/2026\/08\/ACAITP-Manifesto-01.jpeg 640w, https:\/\/sintonizeaqui.com.br\/sintonize\/wp-content\/uploads\/2026\/08\/ACAITP-Manifesto-01-300x225.jpeg 300w\" sizes=\"(max-width: 640px) 100vw, 640px\" \/><figcaption class=\"wp-element-caption\">O documento foi entregue ao governador de Minas Gerais, Mateus Sim\u00f5es, ao senador Carlos Viana e ao candidato a deputado estadual Bruno Ara\u00fajo, com o objetivo de ampliar o di\u00e1logo com as lideran\u00e7as p\u00fablicas e buscar compromissos com as demandas apresentadas pelas entidades<\/figcaption><\/figure>\n<\/div>\n\n\n<p class=\"has-medium-font-size wp-block-paragraph\"><strong><mark style=\"background-color:rgba(0, 0, 0, 0)\" class=\"has-inline-color has-vivid-cyan-blue-color\">Tr\u00eas Pontas inserida em uma agenda regional<\/mark><\/strong><\/p>\n\n\n\n<p class=\"has-medium-font-size wp-block-paragraph\">Para a ACAITP, participar da constru\u00e7\u00e3o do Manifesto representa uma oportunidade de ampliar a voz de Tr\u00eas Pontas e fortalecer a defesa dos interesses do munic\u00edpio dentro de uma agenda regional.<\/p>\n\n\n\n<p class=\"has-medium-font-size wp-block-paragraph\">A iniciativa parte do entendimento de que muitos dos desafios enfrentados pelos munic\u00edpios do Sul de Minas ultrapassam os limites locais e precisam ser discutidos de forma conjunta, especialmente em temas como infraestrutura, log\u00edstica, desenvolvimento econ\u00f4mico, qualifica\u00e7\u00e3o profissional e ambiente de neg\u00f3cios.<\/p>\n\n\n\n<p class=\"has-medium-font-size wp-block-paragraph\">Ao integrar o grupo de entidades signat\u00e1rias, a ACAITP refor\u00e7a seu papel de representa\u00e7\u00e3o empresarial e sua atua\u00e7\u00e3o na busca por melhores condi\u00e7\u00f5es para que empresas, produtores, profissionais e trabalhadores possam crescer e gerar novas oportunidades.<\/p>\n\n\n\n<p class=\"has-medium-font-size wp-block-paragraph\"><strong><mark style=\"background-color:rgba(0, 0, 0, 0)\" class=\"has-inline-color has-vivid-cyan-blue-color\">Desenvolvimento depende de uni\u00e3o<\/mark><\/strong><\/p>\n\n\n\n<p class=\"has-medium-font-size wp-block-paragraph\">Entre os temas apresentados no Manifesto Sul de Minas est\u00e3o melhorias nas infraestruturas rodovi\u00e1ria, ferrovi\u00e1ria e a\u00e9rea; fortalecimento do com\u00e9rcio e do desenvolvimento regional; turismo; seguran\u00e7a p\u00fablica; forma\u00e7\u00e3o tecnol\u00f3gica e qualifica\u00e7\u00e3o profissional; energia el\u00e9trica; autonomia social; ambiente de neg\u00f3cios; al\u00e9m dos impactos da Reforma Tribut\u00e1ria sobre os munic\u00edpios do interior.<\/p>\n\n\n\n<p class=\"has-medium-font-size wp-block-paragraph\">A infraestrutura \u00e9 um dos principais eixos do documento, com aten\u00e7\u00e3o para importantes corredores rodovi\u00e1rios do Sul de Minas e para melhorias capazes de reduzir custos log\u00edsticos e ampliar a competitividade das empresas e dos produtores da regi\u00e3o.<\/p>\n\n\n\n<p class=\"has-medium-font-size wp-block-paragraph\">O Manifesto tamb\u00e9m destaca a relev\u00e2ncia econ\u00f4mica do Sul de Minas, regi\u00e3o que possui forte presen\u00e7a do agroneg\u00f3cio, da ind\u00fastria, do com\u00e9rcio, dos servi\u00e7os, da log\u00edstica, da tecnologia e do turismo.<\/p>\n\n\n\n<p class=\"has-medium-font-size wp-block-paragraph\"><strong><mark style=\"background-color:rgba(0, 0, 0, 0)\" class=\"has-inline-color has-vivid-cyan-blue-color\">Uma pauta que n\u00e3o termina com a entrega do documento<\/mark><\/strong><\/p>\n\n\n\n<p class=\"has-medium-font-size wp-block-paragraph\">A entrega do Manifesto \u00e0s lideran\u00e7as pol\u00edticas representa apenas uma etapa do trabalho iniciado pelas entidades. A proposta \u00e9 que o documento seja apresentado aos candidatos nas elei\u00e7\u00f5es de 2026, independentemente de partido ou de posicionamento pol\u00edtico, estimulando o compromisso das futuras lideran\u00e7as com as demandas consideradas fundamentais para o desenvolvimento do Sul de Minas.<\/p>\n\n\n\n<p class=\"has-medium-font-size wp-block-paragraph\">A partir de agora, as entidades pretendem manter o di\u00e1logo com representantes dos poderes Executivo e Legislativo e acompanhar a evolu\u00e7\u00e3o das pautas apresentadas.<\/p>\n\n\n\n<p class=\"has-medium-font-size wp-block-paragraph\">Para a ACAITP, esse movimento refor\u00e7a uma premissa importante: quando as entidades se unem, as demandas dos munic\u00edpios ganham mais for\u00e7a e representatividade.<\/p>\n\n\n\n<p class=\"has-medium-font-size wp-block-paragraph\">A Associa\u00e7\u00e3o Comercial e Agroindustrial de Tr\u00eas Pontas seguir\u00e1 participando das discuss\u00f5es e contribuindo para que as demandas do munic\u00edpio e da regi\u00e3o estejam presentes nas decis\u00f5es que impactam o desenvolvimento econ\u00f4mico, a gera\u00e7\u00e3o de emprego e renda e a qualidade de vida da popula\u00e7\u00e3o.<\/p>\n\n\n<div class=\"wp-block-image\">\n<figure class=\"aligncenter size-full\"><img decoding=\"async\" width=\"640\" height=\"426\" src=\"https:\/\/sintonizeaqui.com.br\/sintonize\/wp-content\/uploads\/2026\/08\/ACAITP-Manifesto-Diretores.jpeg\" alt=\"ACAITP participa da constru\u00e7\u00e3o de Manifesto que re\u00fane entidades do Sul de Minas em defesa do desenvolvimento regional\" class=\"wp-image-16643\" srcset=\"https:\/\/sintonizeaqui.com.br\/sintonize\/wp-content\/uploads\/2026\/08\/ACAITP-Manifesto-Diretores.jpeg 640w, https:\/\/sintonizeaqui.com.br\/sintonize\/wp-content\/uploads\/2026\/08\/ACAITP-Manifesto-Diretores-300x200.jpeg 300w\" sizes=\"(max-width: 640px) 100vw, 640px\" \/><figcaption class=\"wp-element-caption\">O presidente da ACAITP, Hugo de Lima Pereira; a gerente de Neg\u00f3cios, Maira Mesquita e o diretor Allan Piva Oliveira no encontro que marcou o lan\u00e7amento oficial do Manifesto Sul de Minas<\/figcaption><\/figure>\n<\/div>\n\n\n<p class=\"has-medium-font-size wp-block-paragraph\"><strong><mark style=\"background-color:rgba(0, 0, 0, 0)\" class=\"has-inline-color has-vivid-cyan-blue-color\">20 entidades unidas pelo Sul de Minas<\/mark><\/strong><\/p>\n\n\n\n<p class=\"has-medium-font-size wp-block-paragraph\">O Manifesto Sul de Minas \u00e9 assinado por 20 entidades representativas, entre elas a Associa\u00e7\u00e3o Comercial e Agroindustrial de Tr\u00eas Pontas (ACAITP), al\u00e9m de associa\u00e7\u00f5es comerciais, c\u00e2maras de dirigentes lojistas, sindicatos empresariais e a Federaminas.<\/p>\n\n\n\n<p class=\"has-medium-font-size wp-block-paragraph\">A participa\u00e7\u00e3o conjunta refor\u00e7a o car\u00e1ter regional da iniciativa e transforma demandas de diferentes munic\u00edpios e setores em uma pauta organizada de desenvolvimento.<\/p>\n\n\n\n<p class=\"has-medium-font-size wp-block-paragraph\"><strong><mark style=\"background-color:rgba(0, 0, 0, 0)\" class=\"has-inline-color has-vivid-cyan-blue-color\">Sobre a ACAITP<\/mark><\/strong><\/p>\n\n\n\n<p class=\"has-medium-font-size wp-block-paragraph\">A Associa\u00e7\u00e3o Comercial e Agroindustrial de Tr\u00eas Pontas atua na representa\u00e7\u00e3o e no fortalecimento do com\u00e9rcio, da ind\u00fastria, do agroneg\u00f3cio e dos servi\u00e7os do munic\u00edpio, buscando promover o desenvolvimento empresarial, estimular o associativismo e contribuir para o crescimento econ\u00f4mico de Tr\u00eas Pontas e da regi\u00e3o.<\/p>\n\n\n\n<hr class=\"wp-block-separator has-alpha-channel-opacity\"\/>\n\n\n\n<p class=\"has-medium-font-size wp-block-paragraph\"><strong><a href=\"https:\/\/www.instagram.com\/sintonizeaquitp\/\">Sintonize mais:<\/a><\/strong> <a href=\"https:\/\/sintonizeaqui.com.br\/sintonize\/trespontanas-encaram-o-hero-games-e-vao-em-busca-de-trofeu-em-caxambu\/\">Trespontanas encaram o Hero Games e v\u00e3o em busca de trof\u00e9u em Caxambu<\/a><\/p>\n\n\n\n<p class=\"wp-block-paragraph\"><\/p>\n","protected":false},"excerpt":{"rendered":"<p>Movimento re\u00fane 20 entidades em torno de propostas para infraestrutura, economia, qualifica\u00e7\u00e3o, turismo, seguran\u00e7a e gera\u00e7\u00e3o de oportunidades<\/p>\n","protected":false},"author":2,"featured_media":16644,"comment_status":"closed","ping_status":"open","sticky":false,"template":"","format":"standard","meta":{"iawp_total_views":44,"footnotes":""},"categories":[3,16,4],"tags":[],"class_list":["post-16641","post","type-post","status-publish","format-standard","has-post-thumbnail","hentry","category-destaques","category-negocios","category-politica"],"yoast_head":"<!-- This site is optimized with the Yoast SEO plugin v28.4 - https:\/\/yoast.com\/product\/yoast-seo-wordpress\/ -->\n<title>Manifesto Sul de Minas<\/title>\n<meta name=\"description\" content=\"ACAITP participa da constru\u00e7\u00e3o de Manifesto que re\u00fane entidades do Sul de Minas em defesa do desenvolvimento regional\" \/>\n<meta name=\"robots\" content=\"index, follow, max-snippet:-1, max-image-preview:large, max-video-preview:-1\" \/>\n<link rel=\"canonical\" href=\"https:\/\/sintonizeaqui.com.br\/sintonize\/acaitp-participa-da-construcao-de-manifesto-que-reune-entidades-do-sul-de-minas-em-defesa-do-desenvolvimento-regional\/\" \/>\n<meta property=\"og:locale\" content=\"pt_BR\" \/>\n<meta property=\"og:type\" content=\"article\" \/>\n<meta property=\"og:title\" content=\"Manifesto Sul de Minas\" \/>\n<meta property=\"og:description\" content=\"ACAITP participa da constru\u00e7\u00e3o de Manifesto que re\u00fane entidades do Sul de Minas em defesa do desenvolvimento regional\" \/>\n<meta property=\"og:url\" content=\"https:\/\/sintonizeaqui.com.br\/sintonize\/acaitp-participa-da-construcao-de-manifesto-que-reune-entidades-do-sul-de-minas-em-defesa-do-desenvolvimento-regional\/\" \/>\n<meta property=\"og:site_name\" content=\"SintonizeAqui\" \/>\n<meta property=\"article:publisher\" content=\"https:\/\/pt-br.facebook.com\/Sintonizeaqui\/\" \/>\n<meta property=\"article:published_time\" content=\"2026-08-29T10:00:00+00:00\" \/>\n<meta property=\"article:modified_time\" content=\"2026-08-29T11:26:37+00:00\" \/>\n<meta property=\"og:image\" content=\"https:\/\/sintonizeaqui.com.br\/sintonize\/wp-content\/uploads\/2026\/08\/ACAITP-Manifesto-01.jpeg\" \/>\n\t<meta property=\"og:image:width\" content=\"640\" \/>\n\t<meta property=\"og:image:height\" content=\"480\" \/>\n\t<meta property=\"og:image:type\" content=\"image\/jpeg\" \/>\n<meta name=\"author\" content=\"Sintonize Aqui\" \/>\n<meta name=\"twitter:card\" content=\"summary_large_image\" \/>\n<meta name=\"twitter:label1\" content=\"Escrito por\" \/>\n\t<meta name=\"twitter:data1\" content=\"Sintonize Aqui\" \/>\n\t<meta name=\"twitter:label2\" content=\"Est. tempo de leitura\" \/>\n\t<meta name=\"twitter:data2\" content=\"5 minutos\" \/>\n<script type=\"application\/ld+json\" class=\"yoast-schema-graph\">{\"@context\":\"https:\\\/\\\/schema.org\",\"@graph\":[{\"@type\":\"Article\",\"@id\":\"https:\\\/\\\/sintonizeaqui.com.br\\\/sintonize\\\/acaitp-participa-da-construcao-de-manifesto-que-reune-entidades-do-sul-de-minas-em-defesa-do-desenvolvimento-regional\\\/#article\",\"isPartOf\":{\"@id\":\"https:\\\/\\\/sintonizeaqui.com.br\\\/sintonize\\\/acaitp-participa-da-construcao-de-manifesto-que-reune-entidades-do-sul-de-minas-em-defesa-do-desenvolvimento-regional\\\/\"},\"author\":{\"name\":\"Sintonize Aqui\",\"@id\":\"https:\\\/\\\/sintonizeaqui.com.br\\\/sintonize\\\/#\\\/schema\\\/person\\\/a11ed5ad987e446d168b6926254223ba\"},\"headline\":\"ACAITP participa da constru\u00e7\u00e3o de Manifesto que re\u00fane entidades do Sul de Minas em defesa do desenvolvimento regional\",\"datePublished\":\"2026-08-29T10:00:00+00:00\",\"dateModified\":\"2026-08-29T11:26:37+00:00\",\"mainEntityOfPage\":{\"@id\":\"https:\\\/\\\/sintonizeaqui.com.br\\\/sintonize\\\/acaitp-participa-da-construcao-de-manifesto-que-reune-entidades-do-sul-de-minas-em-defesa-do-desenvolvimento-regional\\\/\"},\"wordCount\":893,\"publisher\":{\"@id\":\"https:\\\/\\\/sintonizeaqui.com.br\\\/sintonize\\\/#organization\"},\"image\":{\"@id\":\"https:\\\/\\\/sintonizeaqui.com.br\\\/sintonize\\\/acaitp-participa-da-construcao-de-manifesto-que-reune-entidades-do-sul-de-minas-em-defesa-do-desenvolvimento-regional\\\/#primaryimage\"},\"thumbnailUrl\":\"https:\\\/\\\/sintonizeaqui.com.br\\\/sintonize\\\/wp-content\\\/uploads\\\/2026\\\/08\\\/ACAITP-Manifesto-01.jpeg\",\"articleSection\":[\"Destaques\",\"Neg\u00f3cios\",\"Pol\u00edtica\"],\"inLanguage\":\"pt-BR\"},{\"@type\":\"WebPage\",\"@id\":\"https:\\\/\\\/sintonizeaqui.com.br\\\/sintonize\\\/acaitp-participa-da-construcao-de-manifesto-que-reune-entidades-do-sul-de-minas-em-defesa-do-desenvolvimento-regional\\\/\",\"url\":\"https:\\\/\\\/sintonizeaqui.com.br\\\/sintonize\\\/acaitp-participa-da-construcao-de-manifesto-que-reune-entidades-do-sul-de-minas-em-defesa-do-desenvolvimento-regional\\\/\",\"name\":\"Manifesto Sul de Minas\",\"isPartOf\":{\"@id\":\"https:\\\/\\\/sintonizeaqui.com.br\\\/sintonize\\\/#website\"},\"primaryImageOfPage\":{\"@id\":\"https:\\\/\\\/sintonizeaqui.com.br\\\/sintonize\\\/acaitp-participa-da-construcao-de-manifesto-que-reune-entidades-do-sul-de-minas-em-defesa-do-desenvolvimento-regional\\\/#primaryimage\"},\"image\":{\"@id\":\"https:\\\/\\\/sintonizeaqui.com.br\\\/sintonize\\\/acaitp-participa-da-construcao-de-manifesto-que-reune-entidades-do-sul-de-minas-em-defesa-do-desenvolvimento-regional\\\/#primaryimage\"},\"thumbnailUrl\":\"https:\\\/\\\/sintonizeaqui.com.br\\\/sintonize\\\/wp-content\\\/uploads\\\/2026\\\/08\\\/ACAITP-Manifesto-01.jpeg\",\"datePublished\":\"2026-08-29T10:00:00+00:00\",\"dateModified\":\"2026-08-29T11:26:37+00:00\",\"description\":\"ACAITP participa da constru\u00e7\u00e3o de Manifesto que re\u00fane entidades do Sul de Minas em defesa do desenvolvimento regional\",\"breadcrumb\":{\"@id\":\"https:\\\/\\\/sintonizeaqui.com.br\\\/sintonize\\\/acaitp-participa-da-construcao-de-manifesto-que-reune-entidades-do-sul-de-minas-em-defesa-do-desenvolvimento-regional\\\/#breadcrumb\"},\"inLanguage\":\"pt-BR\",\"potentialAction\":[{\"@type\":\"ReadAction\",\"target\":[\"https:\\\/\\\/sintonizeaqui.com.br\\\/sintonize\\\/acaitp-participa-da-construcao-de-manifesto-que-reune-entidades-do-sul-de-minas-em-defesa-do-desenvolvimento-regional\\\/\"]}]},{\"@type\":\"ImageObject\",\"inLanguage\":\"pt-BR\",\"@id\":\"https:\\\/\\\/sintonizeaqui.com.br\\\/sintonize\\\/acaitp-participa-da-construcao-de-manifesto-que-reune-entidades-do-sul-de-minas-em-defesa-do-desenvolvimento-regional\\\/#primaryimage\",\"url\":\"https:\\\/\\\/sintonizeaqui.com.br\\\/sintonize\\\/wp-content\\\/uploads\\\/2026\\\/08\\\/ACAITP-Manifesto-01.jpeg\",\"contentUrl\":\"https:\\\/\\\/sintonizeaqui.com.br\\\/sintonize\\\/wp-content\\\/uploads\\\/2026\\\/08\\\/ACAITP-Manifesto-01.jpeg\",\"width\":640,\"height\":480},{\"@type\":\"BreadcrumbList\",\"@id\":\"https:\\\/\\\/sintonizeaqui.com.br\\\/sintonize\\\/acaitp-participa-da-construcao-de-manifesto-que-reune-entidades-do-sul-de-minas-em-defesa-do-desenvolvimento-regional\\\/#breadcrumb\",\"itemListElement\":[{\"@type\":\"ListItem\",\"position\":1,\"name\":\"In\u00edcio\",\"item\":\"https:\\\/\\\/sintonizeaqui.com.br\\\/sintonize\\\/\"},{\"@type\":\"ListItem\",\"position\":2,\"name\":\"ACAITP participa da constru\u00e7\u00e3o de Manifesto que re\u00fane entidades do Sul de Minas em defesa do desenvolvimento regional\"}]},{\"@type\":\"WebSite\",\"@id\":\"https:\\\/\\\/sintonizeaqui.com.br\\\/sintonize\\\/#website\",\"url\":\"https:\\\/\\\/sintonizeaqui.com.br\\\/sintonize\\\/\",\"name\":\"SintonizeAqui\",\"description\":\"Not\u00edcias de Tr\u00eas Pontas e informa\u00e7\u00f5es \u00fateis para o trespontano!\",\"publisher\":{\"@id\":\"https:\\\/\\\/sintonizeaqui.com.br\\\/sintonize\\\/#organization\"},\"potentialAction\":[{\"@type\":\"SearchAction\",\"target\":{\"@type\":\"EntryPoint\",\"urlTemplate\":\"https:\\\/\\\/sintonizeaqui.com.br\\\/sintonize\\\/?s={search_term_string}\"},\"query-input\":{\"@type\":\"PropertyValueSpecification\",\"valueRequired\":true,\"valueName\":\"search_term_string\"}}],\"inLanguage\":\"pt-BR\"},{\"@type\":\"Organization\",\"@id\":\"https:\\\/\\\/sintonizeaqui.com.br\\\/sintonize\\\/#organization\",\"name\":\"SintonizeAqui\",\"url\":\"https:\\\/\\\/sintonizeaqui.com.br\\\/sintonize\\\/\",\"logo\":{\"@type\":\"ImageObject\",\"inLanguage\":\"pt-BR\",\"@id\":\"https:\\\/\\\/sintonizeaqui.com.br\\\/sintonize\\\/#\\\/schema\\\/logo\\\/image\\\/\",\"url\":\"https:\\\/\\\/sintonizeaqui.com.br\\\/sintonize\\\/wp-content\\\/uploads\\\/2022\\\/01\\\/cropped-NovaLoja.jpeg\",\"contentUrl\":\"https:\\\/\\\/sintonizeaqui.com.br\\\/sintonize\\\/wp-content\\\/uploads\\\/2022\\\/01\\\/cropped-NovaLoja.jpeg\",\"width\":528,\"height\":285,\"caption\":\"SintonizeAqui\"},\"image\":{\"@id\":\"https:\\\/\\\/sintonizeaqui.com.br\\\/sintonize\\\/#\\\/schema\\\/logo\\\/image\\\/\"},\"sameAs\":[\"https:\\\/\\\/pt-br.facebook.com\\\/Sintonizeaqui\\\/\"]},{\"@type\":\"Person\",\"@id\":\"https:\\\/\\\/sintonizeaqui.com.br\\\/sintonize\\\/#\\\/schema\\\/person\\\/a11ed5ad987e446d168b6926254223ba\",\"name\":\"Sintonize Aqui\",\"image\":{\"@type\":\"ImageObject\",\"inLanguage\":\"pt-BR\",\"@id\":\"https:\\\/\\\/secure.gravatar.com\\\/avatar\\\/4f9604391ac50df73cbad665333b2dd11254c2673bfabb6aab9a00a317ab3fa3?s=96&d=mm&r=g\",\"url\":\"https:\\\/\\\/secure.gravatar.com\\\/avatar\\\/4f9604391ac50df73cbad665333b2dd11254c2673bfabb6aab9a00a317ab3fa3?s=96&d=mm&r=g\",\"contentUrl\":\"https:\\\/\\\/secure.gravatar.com\\\/avatar\\\/4f9604391ac50df73cbad665333b2dd11254c2673bfabb6aab9a00a317ab3fa3?s=96&d=mm&r=g\",\"caption\":\"Sintonize Aqui\"},\"url\":\"https:\\\/\\\/sintonizeaqui.com.br\\\/sintonize\\\/author\\\/arlene\\\/\"}]}<\/script>\n<!-- \/ Yoast SEO plugin. -->","yoast_head_json":{"title":"Manifesto Sul de Minas","description":"ACAITP participa da constru\u00e7\u00e3o de Manifesto que re\u00fane entidades do Sul de Minas em defesa do desenvolvimento regional","robots":{"index":"index","follow":"follow","max-snippet":"max-snippet:-1","max-image-preview":"max-image-preview:large","max-video-preview":"max-video-preview:-1"},"canonical":"https:\/\/sintonizeaqui.com.br\/sintonize\/acaitp-participa-da-construcao-de-manifesto-que-reune-entidades-do-sul-de-minas-em-defesa-do-desenvolvimento-regional\/","og_locale":"pt_BR","og_type":"article","og_title":"Manifesto Sul de Minas","og_description":"ACAITP participa da constru\u00e7\u00e3o de Manifesto que re\u00fane entidades do Sul de Minas em defesa do desenvolvimento regional","og_url":"https:\/\/sintonizeaqui.com.br\/sintonize\/acaitp-participa-da-construcao-de-manifesto-que-reune-entidades-do-sul-de-minas-em-defesa-do-desenvolvimento-regional\/","og_site_name":"SintonizeAqui","article_publisher":"https:\/\/pt-br.facebook.com\/Sintonizeaqui\/","article_published_time":"2026-08-29T10:00:00+00:00","article_modified_time":"2026-08-29T11:26:37+00:00","og_image":[{"width":640,"height":480,"url":"https:\/\/sintonizeaqui.com.br\/sintonize\/wp-content\/uploads\/2026\/08\/ACAITP-Manifesto-01.jpeg","type":"image\/jpeg"}],"author":"Sintonize Aqui","twitter_card":"summary_large_image","twitter_misc":{"Escrito por":"Sintonize Aqui","Est. tempo de leitura":"5 minutos"},"schema":{"@context":"https:\/\/schema.org","@graph":[{"@type":"Article","@id":"https:\/\/sintonizeaqui.com.br\/sintonize\/acaitp-participa-da-construcao-de-manifesto-que-reune-entidades-do-sul-de-minas-em-defesa-do-desenvolvimento-regional\/#article","isPartOf":{"@id":"https:\/\/sintonizeaqui.com.br\/sintonize\/acaitp-participa-da-construcao-de-manifesto-que-reune-entidades-do-sul-de-minas-em-defesa-do-desenvolvimento-regional\/"},"author":{"name":"Sintonize Aqui","@id":"https:\/\/sintonizeaqui.com.br\/sintonize\/#\/schema\/person\/a11ed5ad987e446d168b6926254223ba"},"headline":"ACAITP participa da constru\u00e7\u00e3o de Manifesto que re\u00fane entidades do Sul de Minas em defesa do desenvolvimento regional","datePublished":"2026-08-29T10:00:00+00:00","dateModified":"2026-08-29T11:26:37+00:00","mainEntityOfPage":{"@id":"https:\/\/sintonizeaqui.com.br\/sintonize\/acaitp-participa-da-construcao-de-manifesto-que-reune-entidades-do-sul-de-minas-em-defesa-do-desenvolvimento-regional\/"},"wordCount":893,"publisher":{"@id":"https:\/\/sintonizeaqui.com.br\/sintonize\/#organization"},"image":{"@id":"https:\/\/sintonizeaqui.com.br\/sintonize\/acaitp-participa-da-construcao-de-manifesto-que-reune-entidades-do-sul-de-minas-em-defesa-do-desenvolvimento-regional\/#primaryimage"},"thumbnailUrl":"https:\/\/sintonizeaqui.com.br\/sintonize\/wp-content\/uploads\/2026\/08\/ACAITP-Manifesto-01.jpeg","articleSection":["Destaques","Neg\u00f3cios","Pol\u00edtica"],"inLanguage":"pt-BR"},{"@type":"WebPage","@id":"https:\/\/sintonizeaqui.com.br\/sintonize\/acaitp-participa-da-construcao-de-manifesto-que-reune-entidades-do-sul-de-minas-em-defesa-do-desenvolvimento-regional\/","url":"https:\/\/sintonizeaqui.com.br\/sintonize\/acaitp-participa-da-construcao-de-manifesto-que-reune-entidades-do-sul-de-minas-em-defesa-do-desenvolvimento-regional\/","name":"Manifesto Sul de Minas","isPartOf":{"@id":"https:\/\/sintonizeaqui.com.br\/sintonize\/#website"},"primaryImageOfPage":{"@id":"https:\/\/sintonizeaqui.com.br\/sintonize\/acaitp-participa-da-construcao-de-manifesto-que-reune-entidades-do-sul-de-minas-em-defesa-do-desenvolvimento-regional\/#primaryimage"},"image":{"@id":"https:\/\/sintonizeaqui.com.br\/sintonize\/acaitp-participa-da-construcao-de-manifesto-que-reune-entidades-do-sul-de-minas-em-defesa-do-desenvolvimento-regional\/#primaryimage"},"thumbnailUrl":"https:\/\/sintonizeaqui.com.br\/sintonize\/wp-content\/uploads\/2026\/08\/ACAITP-Manifesto-01.jpeg","datePublished":"2026-08-29T10:00:00+00:00","dateModified":"2026-08-29T11:26:37+00:00","description":"ACAITP participa da constru\u00e7\u00e3o de Manifesto que re\u00fane entidades do Sul de Minas em defesa do desenvolvimento regional","breadcrumb":{"@id":"https:\/\/sintonizeaqui.com.br\/sintonize\/acaitp-participa-da-construcao-de-manifesto-que-reune-entidades-do-sul-de-minas-em-defesa-do-desenvolvimento-regional\/#breadcrumb"},"inLanguage":"pt-BR","potentialAction":[{"@type":"ReadAction","target":["https:\/\/sintonizeaqui.com.br\/sintonize\/acaitp-participa-da-construcao-de-manifesto-que-reune-entidades-do-sul-de-minas-em-defesa-do-desenvolvimento-regional\/"]}]},{"@type":"ImageObject","inLanguage":"pt-BR","@id":"https:\/\/sintonizeaqui.com.br\/sintonize\/acaitp-participa-da-construcao-de-manifesto-que-reune-entidades-do-sul-de-minas-em-defesa-do-desenvolvimento-regional\/#primaryimage","url":"https:\/\/sintonizeaqui.com.br\/sintonize\/wp-content\/uploads\/2026\/08\/ACAITP-Manifesto-01.jpeg","contentUrl":"https:\/\/sintonizeaqui.com.br\/sintonize\/wp-content\/uploads\/2026\/08\/ACAITP-Manifesto-01.jpeg","width":640,"height":480},{"@type":"BreadcrumbList","@id":"https:\/\/sintonizeaqui.com.br\/sintonize\/acaitp-participa-da-construcao-de-manifesto-que-reune-entidades-do-sul-de-minas-em-defesa-do-desenvolvimento-regional\/#breadcrumb","itemListElement":[{"@type":"ListItem","position":1,"name":"In\u00edcio","item":"https:\/\/sintonizeaqui.com.br\/sintonize\/"},{"@type":"ListItem","position":2,"name":"ACAITP participa da constru\u00e7\u00e3o de Manifesto que re\u00fane entidades do Sul de Minas em defesa do desenvolvimento regional"}]},{"@type":"WebSite","@id":"https:\/\/sintonizeaqui.com.br\/sintonize\/#website","url":"https:\/\/sintonizeaqui.com.br\/sintonize\/","name":"SintonizeAqui","description":"Not\u00edcias de Tr\u00eas Pontas e informa\u00e7\u00f5es \u00fateis para o trespontano!","publisher":{"@id":"https:\/\/sintonizeaqui.com.br\/sintonize\/#organization"},"potentialAction":[{"@type":"SearchAction","target":{"@type":"EntryPoint","urlTemplate":"https:\/\/sintonizeaqui.com.br\/sintonize\/?s={search_term_string}"},"query-input":{"@type":"PropertyValueSpecification","valueRequired":true,"valueName":"search_term_string"}}],"inLanguage":"pt-BR"},{"@type":"Organization","@id":"https:\/\/sintonizeaqui.com.br\/sintonize\/#organization","name":"SintonizeAqui","url":"https:\/\/sintonizeaqui.com.br\/sintonize\/","logo":{"@type":"ImageObject","inLanguage":"pt-BR","@id":"https:\/\/sintonizeaqui.com.br\/sintonize\/#\/schema\/logo\/image\/","url":"https:\/\/sintonizeaqui.com.br\/sintonize\/wp-content\/uploads\/2022\/01\/cropped-NovaLoja.jpeg","contentUrl":"https:\/\/sintonizeaqui.com.br\/sintonize\/wp-content\/uploads\/2022\/01\/cropped-NovaLoja.jpeg","width":528,"height":285,"caption":"SintonizeAqui"},"image":{"@id":"https:\/\/sintonizeaqui.com.br\/sintonize\/#\/schema\/logo\/image\/"},"sameAs":["https:\/\/pt-br.facebook.com\/Sintonizeaqui\/"]},{"@type":"Person","@id":"https:\/\/sintonizeaqui.com.br\/sintonize\/#\/schema\/person\/a11ed5ad987e446d168b6926254223ba","name":"Sintonize Aqui","image":{"@type":"ImageObject","inLanguage":"pt-BR","@id":"https:\/\/secure.gravatar.com\/avatar\/4f9604391ac50df73cbad665333b2dd11254c2673bfabb6aab9a00a317ab3fa3?s=96&d=mm&r=g","url":"https:\/\/secure.gravatar.com\/avatar\/4f9604391ac50df73cbad665333b2dd11254c2673bfabb6aab9a00a317ab3fa3?s=96&d=mm&r=g","contentUrl":"https:\/\/secure.gravatar.com\/avatar\/4f9604391ac50df73cbad665333b2dd11254c2673bfabb6aab9a00a317ab3fa3?s=96&d=mm&r=g","caption":"Sintonize Aqui"},"url":"https:\/\/sintonizeaqui.com.br\/sintonize\/author\/arlene\/"}]}},"_links":{"self":[{"href":"https:\/\/sintonizeaqui.com.br\/sintonize\/wp-json\/wp\/v2\/posts\/16641","targetHints":{"allow":["GET"]}}],"collection":[{"href":"https:\/\/sintonizeaqui.com.br\/sintonize\/wp-json\/wp\/v2\/posts"}],"about":[{"href":"https:\/\/sintonizeaqui.com.br\/sintonize\/wp-json\/wp\/v2\/types\/post"}],"author":[{"embeddable":true,"href":"https:\/\/sintonizeaqui.com.br\/sintonize\/wp-json\/wp\/v2\/users\/2"}],"replies":[{"embeddable":true,"href":"https:\/\/sintonizeaqui.com.br\/sintonize\/wp-json\/wp\/v2\/comments?post=16641"}],"version-history":[{"count":4,"href":"https:\/\/sintonizeaqui.com.br\/sintonize\/wp-json\/wp\/v2\/posts\/16641\/revisions"}],"predecessor-version":[{"id":16647,"href":"https:\/\/sintonizeaqui.com.br\/sintonize\/wp-json\/wp\/v2\/posts\/16641\/revisions\/16647"}],"wp:featuredmedia":[{"embeddable":true,"href":"https:\/\/sintonizeaqui.com.br\/sintonize\/wp-json\/wp\/v2\/media\/16644"}],"wp:attachment":[{"href":"https:\/\/sintonizeaqui.com.br\/sintonize\/wp-json\/wp\/v2\/media?parent=16641"}],"wp:term":[{"taxonomy":"category","embeddable":true,"href":"https:\/\/sintonizeaqui.com.br\/sintonize\/wp-json\/wp\/v2\/categories?post=16641"},{"taxonomy":"post_tag","embeddable":true,"href":"https:\/\/sintonizeaqui.com.br\/sintonize\/wp-json\/wp\/v2\/tags?post=16641"}],"curies":[{"name":"wp","href":"https:\/\/api.w.org\/{rel}","templated":true}]}}