{"id":16610,"date":"2026-08-26T15:13:06","date_gmt":"2026-08-26T18:13:06","guid":{"rendered":"https:\/\/sintonizeaqui.com.br\/sintonize\/?p=16610"},"modified":"2026-08-26T17:14:25","modified_gmt":"2026-08-26T20:14:25","slug":"visita-as-raizes-do-cooperativismo-agregam-novos-aprendizados-ao-sicoob-copersul","status":"publish","type":"post","link":"https:\/\/sintonizeaqui.com.br\/sintonize\/visita-as-raizes-do-cooperativismo-agregam-novos-aprendizados-ao-sicoob-copersul\/","title":{"rendered":"Visita \u00e0s ra\u00edzes do cooperativismo agregam novos aprendizados ao Sicoob Copersul"},"content":{"rendered":"<div class='booster-block booster-read-block'><\/div>\n<p class=\"has-medium-font-size wp-block-paragraph\"><strong><em>Presidente do Conselho de Administra\u00e7\u00e3o da cooperativa, Sara Tavares, integrou miss\u00e3o internacional do Sistema Ocemg e conheceu experi\u00eancias de refer\u00eancia na Inglaterra, Fran\u00e7a e Portugal<\/em><\/strong><\/p>\n\n\n\n<p class=\"has-medium-font-size wp-block-paragraph\">H\u00e1 conhecimentos que atravessam fronteiras e voltam para casa com um novo significado. Foi assim com Sara Mesquita Tavares Nogueira, presidente do Conselho de Administra\u00e7\u00e3o do Sicoob Copersul, que integrou, a convite do Sistema Ocemg, uma miss\u00e3o institucional internacional dedicada a conhecer algumas das ra\u00edzes e experi\u00eancias que ajudam a construir o cooperativismo no mundo.<\/p>\n\n\n\n<p class=\"has-medium-font-size wp-block-paragraph\">Entre os dias 29 de julho e 5 de agosto, Sara esteve ao lado de outros 15 conselheiros e dirigentes de cooperativas mineiras em uma jornada pela Inglaterra, Fran\u00e7a e Portugal. A programa\u00e7\u00e3o reuniu visitas t\u00e9cnicas, interc\u00e2mbio e capacita\u00e7\u00e3o, com o prop\u00f3sito de ampliar a vis\u00e3o estrat\u00e9gica das lideran\u00e7as e conhecer pr\u00e1ticas de governan\u00e7a e modelos cooperativistas desenvolvidos em diferentes realidades.<\/p>\n\n\n<div class=\"wp-block-image\">\n<figure class=\"aligncenter size-full is-resized\"><img decoding=\"async\" width=\"900\" height=\"571\" src=\"https:\/\/sintonizeaqui.com.br\/sintonize\/wp-content\/uploads\/2026\/08\/Sicoob-Copersul-Sara-Missao-Internacional-Ocemg-2026-2.3.jpg\" alt=\"Visita \u00e0s ra\u00edzes do cooperativismo agregam novos aprendizados ao Sicoob Copersul\" class=\"wp-image-16617\" style=\"aspect-ratio:1.5762156714537667;width:782px;height:auto\" srcset=\"https:\/\/sintonizeaqui.com.br\/sintonize\/wp-content\/uploads\/2026\/08\/Sicoob-Copersul-Sara-Missao-Internacional-Ocemg-2026-2.3.jpg 900w, https:\/\/sintonizeaqui.com.br\/sintonize\/wp-content\/uploads\/2026\/08\/Sicoob-Copersul-Sara-Missao-Internacional-Ocemg-2026-2.3-300x190.jpg 300w, https:\/\/sintonizeaqui.com.br\/sintonize\/wp-content\/uploads\/2026\/08\/Sicoob-Copersul-Sara-Missao-Internacional-Ocemg-2026-2.3-768x487.jpg 768w\" sizes=\"(max-width: 900px) 100vw, 900px\" \/><figcaption class=\"wp-element-caption\">Ra\u00edzes do cooperativismo &#8211; <em>Presidente do Conselho de Administra\u00e7\u00e3o do Sicoob Copersul, Sara Tavares (\u00e0 direita), integrou miss\u00e3o internacional a convite do Sistema Ocemg e conheceu experi\u00eancias de refer\u00eancia em cooperativismo na Inglaterra, Fran\u00e7a e Portugal<\/em><\/figcaption><\/figure>\n<\/div>\n\n\n<p class=\"has-medium-font-size wp-block-paragraph\">Para Sara, a experi\u00eancia ganha uma dimens\u00e3o ainda maior quando se pensa no lugar que o Sicoob Copersul ocupa no cotidiano de milhares de pessoas. A cooperativa est\u00e1 presente em Tr\u00eas Pontas, Santana da Vargem, Coqueiral e Nepomuceno, e os conhecimentos adquiridos durante a miss\u00e3o podem se transformar em novas perspectivas para a gest\u00e3o, para as equipes e para as comunidades atendidas.<\/p>\n\n\n\n<p class=\"has-medium-font-size wp-block-paragraph\">A trajet\u00f3ria da trespontana dentro do cooperativismo tamb\u00e9m ajuda a compreender a import\u00e2ncia dessa experi\u00eancia. Antes de chegar \u00e0 presid\u00eancia do Conselho de Administra\u00e7\u00e3o, Sara percorreu diferentes \u00e1reas dentro da cooperativa, conhecendo de perto v\u00e1rias etapas da opera\u00e7\u00e3o e, principalmente, as necessidades de quem chega at\u00e9 o Sicoob Copersul. A miss\u00e3o internacional, portanto, \u00e9 uma oportunidade de ampliar repert\u00f3rio para quem participa das decis\u00f5es que influenciam o presente e o futuro da cooperativa de cr\u00e9dito.<\/p>\n\n\n\n<p class=\"has-medium-font-size wp-block-paragraph\"><strong><mark style=\"background-color:rgba(0, 0, 0, 0)\" class=\"has-inline-color has-vivid-cyan-blue-color\">Em Paris, coopera\u00e7\u00e3o significa abrir portas<\/mark><\/strong><\/p>\n\n\n\n<p class=\"has-medium-font-size wp-block-paragraph\">A primeira parada da miss\u00e3o foi na Fran\u00e7a. Em Paris, o grupo conheceu o Les Relais Solidaires, iniciativa que nasceu na d\u00e9cada de 1990 e atua com forma\u00e7\u00e3o e inser\u00e7\u00e3o profissional na \u00e1rea de alimenta\u00e7\u00e3o.Atualmente estruturado como uma sociedade cooperativa de interesse coletivo, o projeto re\u00fane restaurante, forma\u00e7\u00e3o, servi\u00e7os de alimenta\u00e7\u00e3o e outras iniciativas voltadas \u00e0 inclus\u00e3o social. O Les Relais j\u00e1 auxiliou centenas de pessoas a encontrar caminhos de volta ao mercado de trabalho.<\/p>\n\n\n\n<p class=\"has-medium-font-size wp-block-paragraph\">O modelo conhecido em Paris mostra, na pr\u00e1tica, como a coopera\u00e7\u00e3o pode estar associada \u00e0 qualifica\u00e7\u00e3o profissional, \u00e0 inclus\u00e3o e \u00e0 cria\u00e7\u00e3o de oportunidades para pessoas que enfrentam dificuldades para acessar o mercado de trabalho.<\/p>\n\n\n\n<p class=\"has-medium-font-size wp-block-paragraph\"><strong><mark style=\"background-color:rgba(0, 0, 0, 0)\" class=\"has-inline-color has-vivid-cyan-blue-color\">Rochdale: volta ao ponto de partida<\/mark><\/strong><\/p>\n\n\n\n<p class=\"has-medium-font-size wp-block-paragraph\">Depois, a miss\u00e3o chegou \u00e0 Inglaterra, mais precisamente a Rochdale, considerada o ber\u00e7o do cooperativismo moderno. Foi ali que, em 1844, os Pioneiros de Rochdale organizaram uma experi\u00eancia que se tornaria refer\u00eancia para o movimento cooperativista. O grupo de trabalhadores criou uma sociedade cooperativa de consumo em um cen\u00e1rio de dificuldades econ\u00f4micas e sociais, estabelecendo princ\u00edpios que ajudariam a influenciar o cooperativismo ao longo dos anos.<\/p>\n\n\n\n<p class=\"has-medium-font-size wp-block-paragraph\">Estar naquele lugar representa, para qualquer lideran\u00e7a cooperativista, uma oportunidade de olhar para a pr\u00f3pria atividade a partir de suas origens. No caso de Sara, essa passagem ganha um significado especial. O Sicoob Copersul tamb\u00e9m nasceu de pessoas que acreditaram na for\u00e7a da uni\u00e3o e, ao longo de sua hist\u00f3ria, ampliou sua presen\u00e7a regional. Fundada em Tr\u00eas Pontas, em 1995, a cooperativa chegou a Nepomuceno em 1999, a Coqueiral em 2000 e a Santana da Vargem em 2010, fortalecendo sua atua\u00e7\u00e3o junto \u00e0s comunidades.<\/p>\n\n\n\n<p class=\"has-medium-font-size wp-block-paragraph\">A dist\u00e2ncia entre Rochdale e o Sul de Minas \u00e9 enorme. A ideia central, por\u00e9m, permanece pr\u00f3xima: pessoas que se unem podem construir solu\u00e7\u00f5es para necessidades coletivas.<\/p>\n\n\n\n<p class=\"has-medium-font-size wp-block-paragraph\"><strong><mark style=\"background-color:rgba(0, 0, 0, 0)\" class=\"has-inline-color has-vivid-cyan-blue-color\">Portugal amplia o olhar para produ\u00e7\u00e3o e mercado<\/mark><\/strong><\/p>\n\n\n\n<p class=\"has-medium-font-size wp-block-paragraph\">Em Lisboa, a programa\u00e7\u00e3o levou o grupo \u00e0 AdegaM\u00e3e, em Torres Vedras, no Oeste portugu\u00eas, empreendimento voltado \u00e0 produ\u00e7\u00e3o de vinhos e ao enoturismo. O projeto nasceu de uma fam\u00edlia empreendedora ligada \u00e0 terra e ao vinho e investiu em uma estrutura moderna, associando produ\u00e7\u00e3o, comercializa\u00e7\u00e3o e experi\u00eancias tur\u00edsticas.<\/p>\n\n\n\n<p class=\"has-medium-font-size wp-block-paragraph\">Para os cooperativistas mineiros, conhecer uma realidade como essa representa mais uma oportunidade de observar como diferentes organiza\u00e7\u00f5es trabalham a rela\u00e7\u00e3o entre produ\u00e7\u00e3o, mercado, territ\u00f3rio, inova\u00e7\u00e3o e valoriza\u00e7\u00e3o de uma atividade econ\u00f4mica.<\/p>\n\n\n\n<p class=\"has-medium-font-size wp-block-paragraph\">\u00c9 justamente nesse exerc\u00edcio de compara\u00e7\u00e3o de realidades que a miss\u00e3o ganha for\u00e7a: n\u00e3o se trata de reproduzir modelos estrangeiros, mas de voltar para casa com perguntas novas, ideias renovadas e possibilidades que possam fazer sentido dentro da realidade sul-mineira.<\/p>\n\n\n\n<figure class=\"wp-block-gallery has-nested-images columns-default is-cropped wp-block-gallery-1 is-layout-flex wp-block-gallery-is-layout-flex\">\n<figure class=\"wp-block-image size-large\"><img decoding=\"async\" width=\"477\" height=\"471\" data-id=\"16613\" src=\"https:\/\/sintonizeaqui.com.br\/sintonize\/wp-content\/uploads\/2026\/08\/Sicoob-Copersul-Sara-Missao-Internacional-Ocemg-2026-3.jpg\" alt=\"Visita \u00e0s ra\u00edzes do cooperativismo agregam novos aprendizados ao Sicoob Copersul\" class=\"wp-image-16613\" srcset=\"https:\/\/sintonizeaqui.com.br\/sintonize\/wp-content\/uploads\/2026\/08\/Sicoob-Copersul-Sara-Missao-Internacional-Ocemg-2026-3.jpg 477w, https:\/\/sintonizeaqui.com.br\/sintonize\/wp-content\/uploads\/2026\/08\/Sicoob-Copersul-Sara-Missao-Internacional-Ocemg-2026-3-300x296.jpg 300w\" sizes=\"(max-width: 477px) 100vw, 477px\" \/><\/figure>\n\n\n\n<figure class=\"wp-block-image size-large\"><img decoding=\"async\" width=\"480\" height=\"640\" data-id=\"16615\" src=\"https:\/\/sintonizeaqui.com.br\/sintonize\/wp-content\/uploads\/2026\/08\/Sicoob-Copersul-Sara-Missao-Internacional-Ocemg-2026-6.jpg\" alt=\"\" class=\"wp-image-16615\" srcset=\"https:\/\/sintonizeaqui.com.br\/sintonize\/wp-content\/uploads\/2026\/08\/Sicoob-Copersul-Sara-Missao-Internacional-Ocemg-2026-6.jpg 480w, https:\/\/sintonizeaqui.com.br\/sintonize\/wp-content\/uploads\/2026\/08\/Sicoob-Copersul-Sara-Missao-Internacional-Ocemg-2026-6-225x300.jpg 225w\" sizes=\"(max-width: 480px) 100vw, 480px\" \/><\/figure>\n<\/figure>\n\n\n\n<p class=\"has-text-align-center wp-block-paragraph\"><em>A programa\u00e7\u00e3o reuniu visitas t\u00e9cnicas \u00e0s ra\u00edzes do cooperativismo, interc\u00e2mbio e capacita\u00e7\u00e3o, com o prop\u00f3sito de ampliar a vis\u00e3o estrat\u00e9gica das lideran\u00e7as e conhecer pr\u00e1ticas de governan\u00e7a e modelos cooperativistas desenvolvidos em diferentes realidades<\/em><\/p>\n\n\n\n<p class=\"has-medium-font-size wp-block-paragraph\"><strong><mark style=\"background-color:rgba(0, 0, 0, 0)\" class=\"has-inline-color has-vivid-cyan-blue-color\">Conhecer ra\u00edzes, construir o futuro<\/mark><\/strong><\/p>\n\n\n\n<p class=\"has-medium-font-size wp-block-paragraph\">Para a trespontana Sara Tavares, a experi\u00eancia pode ampliar o olhar sobre quest\u00f5es que fazem parte do dia a dia do Sicoob Copersul, como governan\u00e7a, forma\u00e7\u00e3o de pessoas, inova\u00e7\u00e3o, relacionamento com os cooperados e desenvolvimento local.<\/p>\n\n\n\n<p class=\"has-medium-font-size wp-block-paragraph\">Quando esse conhecimento retorna para Tr\u00eas Pontas, Santana da Vargem, Coqueiral e Nepomuceno, a viagem ganha um novo sentido. As ra\u00edzes do cooperativismo est\u00e3o em Rochdale. As experi\u00eancias podem estar em Paris ou Portugal, mas o futuro desse aprendizado ser\u00e1 constru\u00eddo aqui, no cotidiano das pessoas, das equipes e das comunidades que d\u00e3o vida ao Sicoob Copersul.<\/p>\n\n\n<div class=\"wp-block-image\">\n<figure class=\"aligncenter size-full\"><img decoding=\"async\" width=\"640\" height=\"414\" src=\"https:\/\/sintonizeaqui.com.br\/sintonize\/wp-content\/uploads\/2026\/08\/Sicoob-Copersul-Sara-Missao-Internacional-Ocemg-2026-4.jpg\" alt=\"Visita \u00e0s ra\u00edzes do cooperativismo agregam novos aprendizados ao Sicoob Copersul\" class=\"wp-image-16614\" srcset=\"https:\/\/sintonizeaqui.com.br\/sintonize\/wp-content\/uploads\/2026\/08\/Sicoob-Copersul-Sara-Missao-Internacional-Ocemg-2026-4.jpg 640w, https:\/\/sintonizeaqui.com.br\/sintonize\/wp-content\/uploads\/2026\/08\/Sicoob-Copersul-Sara-Missao-Internacional-Ocemg-2026-4-300x194.jpg 300w\" sizes=\"(max-width: 640px) 100vw, 640px\" \/><figcaption class=\"wp-element-caption\">\u00c9 justamente nesse exerc\u00edcio de compara\u00e7\u00e3o de realidades que a miss\u00e3o ganha for\u00e7a: n\u00e3o se trata de reproduzir modelos estrangeiros, mas de voltar para casa com perguntas novas, ideias renovadas e possibilidades que possam fazer sentido dentro da realidade mineira<\/figcaption><\/figure>\n<\/div>\n\n\n<hr class=\"wp-block-separator has-alpha-channel-opacity\"\/>\n\n\n\n<p class=\"has-medium-font-size wp-block-paragraph\"><strong><a href=\"https:\/\/www.instagram.com\/sintonizeaquitp\/\">Sintonize mais:<\/a><\/strong> <a href=\"https:\/\/sintonizeaqui.com.br\/sintonize\/trolada-das-virtudes-2026-marca-inicio-da-festa-do-beato-padre-victor-em-tres-pontas-inscricoes-estao-abertas\/\">Trolada das Virtudes 2026 marca in\u00edcio da Festa do Beato Padre Victor em Tr\u00eas Pontas; inscri\u00e7\u00f5es est\u00e3o abertas<\/a><\/p>\n\n\n\n<p class=\"wp-block-paragraph\"><\/p>\n","protected":false},"excerpt":{"rendered":"<p>Presidente do Conselho de Administra\u00e7\u00e3o da cooperativa, Sara Tavares, integrou miss\u00e3o internacional do Sistema Ocemg e conheceu experi\u00eancias de refer\u00eancia na Inglaterra, Fran\u00e7a e Portugal<\/p>\n","protected":false},"author":2,"featured_media":16628,"comment_status":"closed","ping_status":"open","sticky":false,"template":"","format":"standard","meta":{"iawp_total_views":18,"footnotes":""},"categories":[3,7],"tags":[],"class_list":["post-16610","post","type-post","status-publish","format-standard","has-post-thumbnail","hentry","category-destaques","category-outros"],"yoast_head":"<!-- This site is optimized with the Yoast SEO plugin v28.4 - https:\/\/yoast.com\/product\/yoast-seo-wordpress\/ -->\n<title>ra\u00edzes do cooperativismo<\/title>\n<meta name=\"description\" content=\"Visita \u00e0s ra\u00edzes do cooperativismo agregam novos aprendizados ao Sicoob Copersul. Presidente Sara Tavares integrou miss\u00e3o internacional\" \/>\n<meta name=\"robots\" content=\"index, follow, max-snippet:-1, max-image-preview:large, max-video-preview:-1\" \/>\n<link rel=\"canonical\" href=\"https:\/\/sintonizeaqui.com.br\/sintonize\/visita-as-raizes-do-cooperativismo-agregam-novos-aprendizados-ao-sicoob-copersul\/\" \/>\n<meta property=\"og:locale\" content=\"pt_BR\" \/>\n<meta property=\"og:type\" content=\"article\" \/>\n<meta property=\"og:title\" content=\"ra\u00edzes do cooperativismo\" \/>\n<meta property=\"og:description\" content=\"Visita \u00e0s ra\u00edzes do cooperativismo agregam novos aprendizados ao Sicoob Copersul. Presidente Sara Tavares integrou miss\u00e3o internacional\" \/>\n<meta property=\"og:url\" content=\"https:\/\/sintonizeaqui.com.br\/sintonize\/visita-as-raizes-do-cooperativismo-agregam-novos-aprendizados-ao-sicoob-copersul\/\" \/>\n<meta property=\"og:site_name\" content=\"SintonizeAqui\" \/>\n<meta property=\"article:publisher\" content=\"https:\/\/pt-br.facebook.com\/Sintonizeaqui\/\" \/>\n<meta property=\"article:published_time\" content=\"2026-08-26T18:13:06+00:00\" \/>\n<meta property=\"article:modified_time\" content=\"2026-08-26T20:14:25+00:00\" \/>\n<meta property=\"og:image\" content=\"https:\/\/sintonizeaqui.com.br\/sintonize\/wp-content\/uploads\/2026\/08\/Sicoob-Copersul-Sara-Missao-Internacional-Ocemg-2026-4.4.jpg\" \/>\n\t<meta property=\"og:image:width\" content=\"450\" \/>\n\t<meta property=\"og:image:height\" content=\"407\" \/>\n\t<meta property=\"og:image:type\" content=\"image\/jpeg\" \/>\n<meta name=\"author\" content=\"Sintonize Aqui\" \/>\n<meta name=\"twitter:card\" content=\"summary_large_image\" \/>\n<meta name=\"twitter:label1\" content=\"Escrito por\" \/>\n\t<meta name=\"twitter:data1\" content=\"Sintonize Aqui\" \/>\n\t<meta name=\"twitter:label2\" content=\"Est. tempo de leitura\" \/>\n\t<meta name=\"twitter:data2\" content=\"7 minutos\" \/>\n<script type=\"application\/ld+json\" class=\"yoast-schema-graph\">{\"@context\":\"https:\\\/\\\/schema.org\",\"@graph\":[{\"@type\":\"Article\",\"@id\":\"https:\\\/\\\/sintonizeaqui.com.br\\\/sintonize\\\/visita-as-raizes-do-cooperativismo-agregam-novos-aprendizados-ao-sicoob-copersul\\\/#article\",\"isPartOf\":{\"@id\":\"https:\\\/\\\/sintonizeaqui.com.br\\\/sintonize\\\/visita-as-raizes-do-cooperativismo-agregam-novos-aprendizados-ao-sicoob-copersul\\\/\"},\"author\":{\"name\":\"Sintonize Aqui\",\"@id\":\"https:\\\/\\\/sintonizeaqui.com.br\\\/sintonize\\\/#\\\/schema\\\/person\\\/a11ed5ad987e446d168b6926254223ba\"},\"headline\":\"Visita \u00e0s ra\u00edzes do cooperativismo agregam novos aprendizados ao Sicoob Copersul\",\"datePublished\":\"2026-08-26T18:13:06+00:00\",\"dateModified\":\"2026-08-26T20:14:25+00:00\",\"mainEntityOfPage\":{\"@id\":\"https:\\\/\\\/sintonizeaqui.com.br\\\/sintonize\\\/visita-as-raizes-do-cooperativismo-agregam-novos-aprendizados-ao-sicoob-copersul\\\/\"},\"wordCount\":1057,\"publisher\":{\"@id\":\"https:\\\/\\\/sintonizeaqui.com.br\\\/sintonize\\\/#organization\"},\"image\":{\"@id\":\"https:\\\/\\\/sintonizeaqui.com.br\\\/sintonize\\\/visita-as-raizes-do-cooperativismo-agregam-novos-aprendizados-ao-sicoob-copersul\\\/#primaryimage\"},\"thumbnailUrl\":\"https:\\\/\\\/sintonizeaqui.com.br\\\/sintonize\\\/wp-content\\\/uploads\\\/2026\\\/08\\\/Sicoob-Copersul-Sara-Missao-Internacional-Ocemg-2026-4.4.jpg\",\"articleSection\":[\"Destaques\",\"Mais\"],\"inLanguage\":\"pt-BR\"},{\"@type\":\"WebPage\",\"@id\":\"https:\\\/\\\/sintonizeaqui.com.br\\\/sintonize\\\/visita-as-raizes-do-cooperativismo-agregam-novos-aprendizados-ao-sicoob-copersul\\\/\",\"url\":\"https:\\\/\\\/sintonizeaqui.com.br\\\/sintonize\\\/visita-as-raizes-do-cooperativismo-agregam-novos-aprendizados-ao-sicoob-copersul\\\/\",\"name\":\"ra\u00edzes do cooperativismo\",\"isPartOf\":{\"@id\":\"https:\\\/\\\/sintonizeaqui.com.br\\\/sintonize\\\/#website\"},\"primaryImageOfPage\":{\"@id\":\"https:\\\/\\\/sintonizeaqui.com.br\\\/sintonize\\\/visita-as-raizes-do-cooperativismo-agregam-novos-aprendizados-ao-sicoob-copersul\\\/#primaryimage\"},\"image\":{\"@id\":\"https:\\\/\\\/sintonizeaqui.com.br\\\/sintonize\\\/visita-as-raizes-do-cooperativismo-agregam-novos-aprendizados-ao-sicoob-copersul\\\/#primaryimage\"},\"thumbnailUrl\":\"https:\\\/\\\/sintonizeaqui.com.br\\\/sintonize\\\/wp-content\\\/uploads\\\/2026\\\/08\\\/Sicoob-Copersul-Sara-Missao-Internacional-Ocemg-2026-4.4.jpg\",\"datePublished\":\"2026-08-26T18:13:06+00:00\",\"dateModified\":\"2026-08-26T20:14:25+00:00\",\"description\":\"Visita \u00e0s ra\u00edzes do cooperativismo agregam novos aprendizados ao Sicoob Copersul. Presidente Sara Tavares integrou miss\u00e3o internacional\",\"breadcrumb\":{\"@id\":\"https:\\\/\\\/sintonizeaqui.com.br\\\/sintonize\\\/visita-as-raizes-do-cooperativismo-agregam-novos-aprendizados-ao-sicoob-copersul\\\/#breadcrumb\"},\"inLanguage\":\"pt-BR\",\"potentialAction\":[{\"@type\":\"ReadAction\",\"target\":[\"https:\\\/\\\/sintonizeaqui.com.br\\\/sintonize\\\/visita-as-raizes-do-cooperativismo-agregam-novos-aprendizados-ao-sicoob-copersul\\\/\"]}]},{\"@type\":\"ImageObject\",\"inLanguage\":\"pt-BR\",\"@id\":\"https:\\\/\\\/sintonizeaqui.com.br\\\/sintonize\\\/visita-as-raizes-do-cooperativismo-agregam-novos-aprendizados-ao-sicoob-copersul\\\/#primaryimage\",\"url\":\"https:\\\/\\\/sintonizeaqui.com.br\\\/sintonize\\\/wp-content\\\/uploads\\\/2026\\\/08\\\/Sicoob-Copersul-Sara-Missao-Internacional-Ocemg-2026-4.4.jpg\",\"contentUrl\":\"https:\\\/\\\/sintonizeaqui.com.br\\\/sintonize\\\/wp-content\\\/uploads\\\/2026\\\/08\\\/Sicoob-Copersul-Sara-Missao-Internacional-Ocemg-2026-4.4.jpg\",\"width\":450,\"height\":407},{\"@type\":\"BreadcrumbList\",\"@id\":\"https:\\\/\\\/sintonizeaqui.com.br\\\/sintonize\\\/visita-as-raizes-do-cooperativismo-agregam-novos-aprendizados-ao-sicoob-copersul\\\/#breadcrumb\",\"itemListElement\":[{\"@type\":\"ListItem\",\"position\":1,\"name\":\"In\u00edcio\",\"item\":\"https:\\\/\\\/sintonizeaqui.com.br\\\/sintonize\\\/\"},{\"@type\":\"ListItem\",\"position\":2,\"name\":\"Visita \u00e0s ra\u00edzes do cooperativismo agregam novos aprendizados ao Sicoob Copersul\"}]},{\"@type\":\"WebSite\",\"@id\":\"https:\\\/\\\/sintonizeaqui.com.br\\\/sintonize\\\/#website\",\"url\":\"https:\\\/\\\/sintonizeaqui.com.br\\\/sintonize\\\/\",\"name\":\"SintonizeAqui\",\"description\":\"Not\u00edcias de Tr\u00eas Pontas e informa\u00e7\u00f5es \u00fateis para o trespontano!\",\"publisher\":{\"@id\":\"https:\\\/\\\/sintonizeaqui.com.br\\\/sintonize\\\/#organization\"},\"potentialAction\":[{\"@type\":\"SearchAction\",\"target\":{\"@type\":\"EntryPoint\",\"urlTemplate\":\"https:\\\/\\\/sintonizeaqui.com.br\\\/sintonize\\\/?s={search_term_string}\"},\"query-input\":{\"@type\":\"PropertyValueSpecification\",\"valueRequired\":true,\"valueName\":\"search_term_string\"}}],\"inLanguage\":\"pt-BR\"},{\"@type\":\"Organization\",\"@id\":\"https:\\\/\\\/sintonizeaqui.com.br\\\/sintonize\\\/#organization\",\"name\":\"SintonizeAqui\",\"url\":\"https:\\\/\\\/sintonizeaqui.com.br\\\/sintonize\\\/\",\"logo\":{\"@type\":\"ImageObject\",\"inLanguage\":\"pt-BR\",\"@id\":\"https:\\\/\\\/sintonizeaqui.com.br\\\/sintonize\\\/#\\\/schema\\\/logo\\\/image\\\/\",\"url\":\"https:\\\/\\\/sintonizeaqui.com.br\\\/sintonize\\\/wp-content\\\/uploads\\\/2022\\\/01\\\/cropped-NovaLoja.jpeg\",\"contentUrl\":\"https:\\\/\\\/sintonizeaqui.com.br\\\/sintonize\\\/wp-content\\\/uploads\\\/2022\\\/01\\\/cropped-NovaLoja.jpeg\",\"width\":528,\"height\":285,\"caption\":\"SintonizeAqui\"},\"image\":{\"@id\":\"https:\\\/\\\/sintonizeaqui.com.br\\\/sintonize\\\/#\\\/schema\\\/logo\\\/image\\\/\"},\"sameAs\":[\"https:\\\/\\\/pt-br.facebook.com\\\/Sintonizeaqui\\\/\"]},{\"@type\":\"Person\",\"@id\":\"https:\\\/\\\/sintonizeaqui.com.br\\\/sintonize\\\/#\\\/schema\\\/person\\\/a11ed5ad987e446d168b6926254223ba\",\"name\":\"Sintonize Aqui\",\"image\":{\"@type\":\"ImageObject\",\"inLanguage\":\"pt-BR\",\"@id\":\"https:\\\/\\\/secure.gravatar.com\\\/avatar\\\/4f9604391ac50df73cbad665333b2dd11254c2673bfabb6aab9a00a317ab3fa3?s=96&d=mm&r=g\",\"url\":\"https:\\\/\\\/secure.gravatar.com\\\/avatar\\\/4f9604391ac50df73cbad665333b2dd11254c2673bfabb6aab9a00a317ab3fa3?s=96&d=mm&r=g\",\"contentUrl\":\"https:\\\/\\\/secure.gravatar.com\\\/avatar\\\/4f9604391ac50df73cbad665333b2dd11254c2673bfabb6aab9a00a317ab3fa3?s=96&d=mm&r=g\",\"caption\":\"Sintonize Aqui\"},\"url\":\"https:\\\/\\\/sintonizeaqui.com.br\\\/sintonize\\\/author\\\/arlene\\\/\"}]}<\/script>\n<!-- \/ Yoast SEO plugin. -->","yoast_head_json":{"title":"ra\u00edzes do cooperativismo","description":"Visita \u00e0s ra\u00edzes do cooperativismo agregam novos aprendizados ao Sicoob Copersul. Presidente Sara Tavares integrou miss\u00e3o internacional","robots":{"index":"index","follow":"follow","max-snippet":"max-snippet:-1","max-image-preview":"max-image-preview:large","max-video-preview":"max-video-preview:-1"},"canonical":"https:\/\/sintonizeaqui.com.br\/sintonize\/visita-as-raizes-do-cooperativismo-agregam-novos-aprendizados-ao-sicoob-copersul\/","og_locale":"pt_BR","og_type":"article","og_title":"ra\u00edzes do cooperativismo","og_description":"Visita \u00e0s ra\u00edzes do cooperativismo agregam novos aprendizados ao Sicoob Copersul. Presidente Sara Tavares integrou miss\u00e3o internacional","og_url":"https:\/\/sintonizeaqui.com.br\/sintonize\/visita-as-raizes-do-cooperativismo-agregam-novos-aprendizados-ao-sicoob-copersul\/","og_site_name":"SintonizeAqui","article_publisher":"https:\/\/pt-br.facebook.com\/Sintonizeaqui\/","article_published_time":"2026-08-26T18:13:06+00:00","article_modified_time":"2026-08-26T20:14:25+00:00","og_image":[{"width":450,"height":407,"url":"https:\/\/sintonizeaqui.com.br\/sintonize\/wp-content\/uploads\/2026\/08\/Sicoob-Copersul-Sara-Missao-Internacional-Ocemg-2026-4.4.jpg","type":"image\/jpeg"}],"author":"Sintonize Aqui","twitter_card":"summary_large_image","twitter_misc":{"Escrito por":"Sintonize Aqui","Est. tempo de leitura":"7 minutos"},"schema":{"@context":"https:\/\/schema.org","@graph":[{"@type":"Article","@id":"https:\/\/sintonizeaqui.com.br\/sintonize\/visita-as-raizes-do-cooperativismo-agregam-novos-aprendizados-ao-sicoob-copersul\/#article","isPartOf":{"@id":"https:\/\/sintonizeaqui.com.br\/sintonize\/visita-as-raizes-do-cooperativismo-agregam-novos-aprendizados-ao-sicoob-copersul\/"},"author":{"name":"Sintonize Aqui","@id":"https:\/\/sintonizeaqui.com.br\/sintonize\/#\/schema\/person\/a11ed5ad987e446d168b6926254223ba"},"headline":"Visita \u00e0s ra\u00edzes do cooperativismo agregam novos aprendizados ao Sicoob Copersul","datePublished":"2026-08-26T18:13:06+00:00","dateModified":"2026-08-26T20:14:25+00:00","mainEntityOfPage":{"@id":"https:\/\/sintonizeaqui.com.br\/sintonize\/visita-as-raizes-do-cooperativismo-agregam-novos-aprendizados-ao-sicoob-copersul\/"},"wordCount":1057,"publisher":{"@id":"https:\/\/sintonizeaqui.com.br\/sintonize\/#organization"},"image":{"@id":"https:\/\/sintonizeaqui.com.br\/sintonize\/visita-as-raizes-do-cooperativismo-agregam-novos-aprendizados-ao-sicoob-copersul\/#primaryimage"},"thumbnailUrl":"https:\/\/sintonizeaqui.com.br\/sintonize\/wp-content\/uploads\/2026\/08\/Sicoob-Copersul-Sara-Missao-Internacional-Ocemg-2026-4.4.jpg","articleSection":["Destaques","Mais"],"inLanguage":"pt-BR"},{"@type":"WebPage","@id":"https:\/\/sintonizeaqui.com.br\/sintonize\/visita-as-raizes-do-cooperativismo-agregam-novos-aprendizados-ao-sicoob-copersul\/","url":"https:\/\/sintonizeaqui.com.br\/sintonize\/visita-as-raizes-do-cooperativismo-agregam-novos-aprendizados-ao-sicoob-copersul\/","name":"ra\u00edzes do cooperativismo","isPartOf":{"@id":"https:\/\/sintonizeaqui.com.br\/sintonize\/#website"},"primaryImageOfPage":{"@id":"https:\/\/sintonizeaqui.com.br\/sintonize\/visita-as-raizes-do-cooperativismo-agregam-novos-aprendizados-ao-sicoob-copersul\/#primaryimage"},"image":{"@id":"https:\/\/sintonizeaqui.com.br\/sintonize\/visita-as-raizes-do-cooperativismo-agregam-novos-aprendizados-ao-sicoob-copersul\/#primaryimage"},"thumbnailUrl":"https:\/\/sintonizeaqui.com.br\/sintonize\/wp-content\/uploads\/2026\/08\/Sicoob-Copersul-Sara-Missao-Internacional-Ocemg-2026-4.4.jpg","datePublished":"2026-08-26T18:13:06+00:00","dateModified":"2026-08-26T20:14:25+00:00","description":"Visita \u00e0s ra\u00edzes do cooperativismo agregam novos aprendizados ao Sicoob Copersul. Presidente Sara Tavares integrou miss\u00e3o internacional","breadcrumb":{"@id":"https:\/\/sintonizeaqui.com.br\/sintonize\/visita-as-raizes-do-cooperativismo-agregam-novos-aprendizados-ao-sicoob-copersul\/#breadcrumb"},"inLanguage":"pt-BR","potentialAction":[{"@type":"ReadAction","target":["https:\/\/sintonizeaqui.com.br\/sintonize\/visita-as-raizes-do-cooperativismo-agregam-novos-aprendizados-ao-sicoob-copersul\/"]}]},{"@type":"ImageObject","inLanguage":"pt-BR","@id":"https:\/\/sintonizeaqui.com.br\/sintonize\/visita-as-raizes-do-cooperativismo-agregam-novos-aprendizados-ao-sicoob-copersul\/#primaryimage","url":"https:\/\/sintonizeaqui.com.br\/sintonize\/wp-content\/uploads\/2026\/08\/Sicoob-Copersul-Sara-Missao-Internacional-Ocemg-2026-4.4.jpg","contentUrl":"https:\/\/sintonizeaqui.com.br\/sintonize\/wp-content\/uploads\/2026\/08\/Sicoob-Copersul-Sara-Missao-Internacional-Ocemg-2026-4.4.jpg","width":450,"height":407},{"@type":"BreadcrumbList","@id":"https:\/\/sintonizeaqui.com.br\/sintonize\/visita-as-raizes-do-cooperativismo-agregam-novos-aprendizados-ao-sicoob-copersul\/#breadcrumb","itemListElement":[{"@type":"ListItem","position":1,"name":"In\u00edcio","item":"https:\/\/sintonizeaqui.com.br\/sintonize\/"},{"@type":"ListItem","position":2,"name":"Visita \u00e0s ra\u00edzes do cooperativismo agregam novos aprendizados ao Sicoob Copersul"}]},{"@type":"WebSite","@id":"https:\/\/sintonizeaqui.com.br\/sintonize\/#website","url":"https:\/\/sintonizeaqui.com.br\/sintonize\/","name":"SintonizeAqui","description":"Not\u00edcias de Tr\u00eas Pontas e informa\u00e7\u00f5es \u00fateis para o trespontano!","publisher":{"@id":"https:\/\/sintonizeaqui.com.br\/sintonize\/#organization"},"potentialAction":[{"@type":"SearchAction","target":{"@type":"EntryPoint","urlTemplate":"https:\/\/sintonizeaqui.com.br\/sintonize\/?s={search_term_string}"},"query-input":{"@type":"PropertyValueSpecification","valueRequired":true,"valueName":"search_term_string"}}],"inLanguage":"pt-BR"},{"@type":"Organization","@id":"https:\/\/sintonizeaqui.com.br\/sintonize\/#organization","name":"SintonizeAqui","url":"https:\/\/sintonizeaqui.com.br\/sintonize\/","logo":{"@type":"ImageObject","inLanguage":"pt-BR","@id":"https:\/\/sintonizeaqui.com.br\/sintonize\/#\/schema\/logo\/image\/","url":"https:\/\/sintonizeaqui.com.br\/sintonize\/wp-content\/uploads\/2022\/01\/cropped-NovaLoja.jpeg","contentUrl":"https:\/\/sintonizeaqui.com.br\/sintonize\/wp-content\/uploads\/2022\/01\/cropped-NovaLoja.jpeg","width":528,"height":285,"caption":"SintonizeAqui"},"image":{"@id":"https:\/\/sintonizeaqui.com.br\/sintonize\/#\/schema\/logo\/image\/"},"sameAs":["https:\/\/pt-br.facebook.com\/Sintonizeaqui\/"]},{"@type":"Person","@id":"https:\/\/sintonizeaqui.com.br\/sintonize\/#\/schema\/person\/a11ed5ad987e446d168b6926254223ba","name":"Sintonize Aqui","image":{"@type":"ImageObject","inLanguage":"pt-BR","@id":"https:\/\/secure.gravatar.com\/avatar\/4f9604391ac50df73cbad665333b2dd11254c2673bfabb6aab9a00a317ab3fa3?s=96&d=mm&r=g","url":"https:\/\/secure.gravatar.com\/avatar\/4f9604391ac50df73cbad665333b2dd11254c2673bfabb6aab9a00a317ab3fa3?s=96&d=mm&r=g","contentUrl":"https:\/\/secure.gravatar.com\/avatar\/4f9604391ac50df73cbad665333b2dd11254c2673bfabb6aab9a00a317ab3fa3?s=96&d=mm&r=g","caption":"Sintonize Aqui"},"url":"https:\/\/sintonizeaqui.com.br\/sintonize\/author\/arlene\/"}]}},"_links":{"self":[{"href":"https:\/\/sintonizeaqui.com.br\/sintonize\/wp-json\/wp\/v2\/posts\/16610","targetHints":{"allow":["GET"]}}],"collection":[{"href":"https:\/\/sintonizeaqui.com.br\/sintonize\/wp-json\/wp\/v2\/posts"}],"about":[{"href":"https:\/\/sintonizeaqui.com.br\/sintonize\/wp-json\/wp\/v2\/types\/post"}],"author":[{"embeddable":true,"href":"https:\/\/sintonizeaqui.com.br\/sintonize\/wp-json\/wp\/v2\/users\/2"}],"replies":[{"embeddable":true,"href":"https:\/\/sintonizeaqui.com.br\/sintonize\/wp-json\/wp\/v2\/comments?post=16610"}],"version-history":[{"count":10,"href":"https:\/\/sintonizeaqui.com.br\/sintonize\/wp-json\/wp\/v2\/posts\/16610\/revisions"}],"predecessor-version":[{"id":16626,"href":"https:\/\/sintonizeaqui.com.br\/sintonize\/wp-json\/wp\/v2\/posts\/16610\/revisions\/16626"}],"wp:featuredmedia":[{"embeddable":true,"href":"https:\/\/sintonizeaqui.com.br\/sintonize\/wp-json\/wp\/v2\/media\/16628"}],"wp:attachment":[{"href":"https:\/\/sintonizeaqui.com.br\/sintonize\/wp-json\/wp\/v2\/media?parent=16610"}],"wp:term":[{"taxonomy":"category","embeddable":true,"href":"https:\/\/sintonizeaqui.com.br\/sintonize\/wp-json\/wp\/v2\/categories?post=16610"},{"taxonomy":"post_tag","embeddable":true,"href":"https:\/\/sintonizeaqui.com.br\/sintonize\/wp-json\/wp\/v2\/tags?post=16610"}],"curies":[{"name":"wp","href":"https:\/\/api.w.org\/{rel}","templated":true}]}}