{"id":16573,"date":"2026-08-21T16:42:49","date_gmt":"2026-08-21T19:42:49","guid":{"rendered":"https:\/\/sintonizeaqui.com.br\/sintonize\/?p=16573"},"modified":"2026-08-21T16:42:51","modified_gmt":"2026-08-21T19:42:51","slug":"festival-musica-do-mundo-uma-travessia-por-tres-pontas","status":"publish","type":"post","link":"https:\/\/sintonizeaqui.com.br\/sintonize\/festival-musica-do-mundo-uma-travessia-por-tres-pontas\/","title":{"rendered":"Festival M\u00fasica do Mundo: uma travessia por Tr\u00eas Pontas"},"content":{"rendered":"<div class='booster-block booster-read-block'><\/div>\n<p class=\"has-medium-font-size wp-block-paragraph\"><strong><em>Eu fui&#8230; descobri mais sobre Milton Nascimento e Wagner Tiso; acompanhei de perto a programa\u00e7\u00e3o que espalhou arte, literatura e m\u00fasica; descobri a cidade<\/em><\/strong><\/p>\n\n\n\n<p class=\"has-medium-font-size wp-block-paragraph\">H\u00e1 exatamente uma semana, cheguei a Tr\u00eas Pontas. Era manh\u00e3 de sexta-feira, 14 de agosto, e estava acompanhada de uma amiga. Era minha primeira vez na cidade e, embora eu ainda conhecesse pouco das ruas, j\u00e1 trazia algumas refer\u00eancias que me fizeram querer estar ali: Milton Nascimento, Wagner Tiso e a hist\u00f3ria daquele encontro musical que colocou uma pequena cidade do Sul de Minas no mapa cultural brasileiro.<\/p>\n\n\n\n<p class=\"has-medium-font-size wp-block-paragraph\">Eu sabia que Tr\u00eas Pontas era terra de caf\u00e9, de f\u00e9 e de grandes m\u00fasicos. Sabia tamb\u00e9m que, em 1977, as colinas do munic\u00edpio receberam o hist\u00f3rico Show do Para\u00edso, lembrado como o \u201cWoodstock Mineiro\u201d, quando milhares de pessoas vieram para assistir a nomes importantes da m\u00fasica brasileira. O que eu n\u00e3o imaginava era que, d\u00e9cadas depois, seria poss\u00edvel chegar \u00e0 cidade justamente durante uma nova travessia musical.<\/p>\n\n\n\n<p class=\"has-medium-font-size wp-block-paragraph\">E foi assim que come\u00e7ou minha experi\u00eancia no Festival M\u00fasica do Mundo \u2013 A Travessia Continua. O evento voltou a Tr\u00eas Pontas depois de dez anos e, em 2026, ocupou diferentes espa\u00e7os do munic\u00edpio com m\u00fasica, literatura, gastronomia, atividades culturais, a\u00e7\u00f5es formativas e encontros. A programa\u00e7\u00e3o principal ficou concentrada no s\u00e1bado (15), no Aeroporto Leda Mello de Resende, mas a proposta do Festival estava muito al\u00e9m daquele palco.<\/p>\n\n\n\n<p class=\"has-medium-font-size wp-block-paragraph\"><strong><mark style=\"background-color:rgba(0, 0, 0, 0)\" class=\"has-inline-color has-vivid-cyan-blue-color\">Tr\u00eas Pontas conta sua hist\u00f3ria enquanto a gente caminha<\/mark><\/strong><\/p>\n\n\n\n<p class=\"has-medium-font-size wp-block-paragraph\">Naquela sexta-feira, bastava andar um pouco para perceber que a programa\u00e7\u00e3o havia se espalhado pela cidade. Logo pela manh\u00e3, o cortejo da Fanfarra da Escola Jacy Gazola saiu da Pra\u00e7a C\u00f4nego Victor em dire\u00e7\u00e3o \u00e0 Pra\u00e7a Travessia. Acompanhei o desfile e me surpreendi com a performance dos alunos, debaixo de sol escaldante. Fui at\u00e9 \u00e0 famosa Pra\u00e7a e&nbsp;mais uma vez fiquei admirada ao ver, na varanda da casa da fam\u00edlia de Milton, pessoas vibrando, aplaudindo enquanto a banda tocava uma das can\u00e7\u00f5es do artista, um hino \u00e0 ancestralidade: &#8220;Ra\u00e7a&#8221;. Soube depois que l\u00e1 estavam, empolgadas com a homenagem, duas irm\u00e3s e uma prima de primeiro grau do \u201cBituca\u201d. Sensacional!<\/p>\n\n\n\n<figure class=\"wp-block-gallery has-nested-images columns-default is-cropped wp-block-gallery-1 is-layout-flex wp-block-gallery-is-layout-flex\">\n<figure class=\"wp-block-image size-large\"><img decoding=\"async\" width=\"446\" height=\"480\" data-id=\"16578\" src=\"https:\/\/sintonizeaqui.com.br\/sintonize\/wp-content\/uploads\/2026\/08\/Festival-Musica-do-Mundo-Fanfarra-Arlene-Brito.jpg\" alt=\"Festival M\u00fasica do Mundo: uma travessia por Tr\u00eas Pontas\" class=\"wp-image-16578\" srcset=\"https:\/\/sintonizeaqui.com.br\/sintonize\/wp-content\/uploads\/2026\/08\/Festival-Musica-do-Mundo-Fanfarra-Arlene-Brito.jpg 446w, https:\/\/sintonizeaqui.com.br\/sintonize\/wp-content\/uploads\/2026\/08\/Festival-Musica-do-Mundo-Fanfarra-Arlene-Brito-279x300.jpg 279w\" sizes=\"(max-width: 446px) 100vw, 446px\" \/><\/figure>\n\n\n\n<figure class=\"wp-block-image size-large\"><img decoding=\"async\" width=\"438\" height=\"480\" data-id=\"16577\" src=\"https:\/\/sintonizeaqui.com.br\/sintonize\/wp-content\/uploads\/2026\/08\/Festival-Musica-do-Mundo-Fanfarra-Arlene-Brito-2.jpg\" alt=\"\" class=\"wp-image-16577\" srcset=\"https:\/\/sintonizeaqui.com.br\/sintonize\/wp-content\/uploads\/2026\/08\/Festival-Musica-do-Mundo-Fanfarra-Arlene-Brito-2.jpg 438w, https:\/\/sintonizeaqui.com.br\/sintonize\/wp-content\/uploads\/2026\/08\/Festival-Musica-do-Mundo-Fanfarra-Arlene-Brito-2-274x300.jpg 274w\" sizes=\"(max-width: 438px) 100vw, 438px\" \/><\/figure>\n<\/figure>\n\n\n\n<p class=\"has-text-align-center wp-block-paragraph\"><em>Festival M\u00fasica do Mundo nas ruas de Tr\u00eas Pontas &#8211; Fanfarra da Escola Estadual Prefeito Jacy Junqueira Gazola desfila pelo Centro da cidade e toca &#8220;Ra\u00e7a&#8221; em frente \u00e0 casa da fam\u00edlia de Milton Nascimento, na Pra\u00e7a Travessia (Cr\u00e9dito: SintonizeAqui)<\/em><\/p>\n\n\n<div class=\"wp-block-image\">\n<figure class=\"aligncenter size-full is-resized\"><img decoding=\"async\" width=\"640\" height=\"426\" src=\"https:\/\/sintonizeaqui.com.br\/sintonize\/wp-content\/uploads\/2026\/08\/Festival-Musica-do-Mundo-2026-Fanfarra-Vanusa-Campos-05.jpg\" alt=\"\" class=\"wp-image-16585\" style=\"width:523px;height:auto\" srcset=\"https:\/\/sintonizeaqui.com.br\/sintonize\/wp-content\/uploads\/2026\/08\/Festival-Musica-do-Mundo-2026-Fanfarra-Vanusa-Campos-05.jpg 640w, https:\/\/sintonizeaqui.com.br\/sintonize\/wp-content\/uploads\/2026\/08\/Festival-Musica-do-Mundo-2026-Fanfarra-Vanusa-Campos-05-300x200.jpg 300w\" sizes=\"(max-width: 640px) 100vw, 640px\" \/><figcaption class=\"wp-element-caption\">(Cr\u00e9dito: Vanusa Campos &#8211; Festival M\u00fasica do Mundo)<\/figcaption><\/figure>\n<\/div>\n\n\n<p class=\"has-medium-font-size wp-block-paragraph\">Mais tarde, acompanhei tamb\u00e9m de perto a Banda da Apae. Para quem chegava de fora, como eu, aquilo funcionava quase como uma apresenta\u00e7\u00e3o de boas-vindas: Tr\u00eas Pontas n\u00e3o estava esperando que a gente chegasse ao Festival. A cidade inteira parecia ter decidido participar dele.<\/p>\n\n\n\n<p class=\"has-medium-font-size wp-block-paragraph\">Caminhei pelo centro observando vitrines, pessoas circulando e o movimento diferente de um fim de semana comum. Havia uma sensa\u00e7\u00e3o curiosa de cidade pequena recebendo gente de fora sem deixar de ser ela mesma. Foi tamb\u00e9m quando comecei a entender que o Festival M\u00fasica do Mundo n\u00e3o queria apenas apresentar artistas. Queria contar uma nova hist\u00f3ria.<\/p>\n\n\n\n<p class=\"has-medium-font-size wp-block-paragraph\">Segui o bate-papo liter\u00e1rio sobre a vida e a obra de Milton Nascimento. Maria Dolores, autora de \u201cTravessia \u2013 a vida de Milton Nascimento\u201d, Jo\u00e3o Marcos Veiga e Vilma Nascimento, autores de \u201cDe Onde Vem Essa For\u00e7a: hist\u00f3rias da fam\u00edlia Nascimento de Minas para o mundo\u201d, e a ilustradora Ingrid Macieira participaram da conversa. <\/p>\n\n\n\n<p class=\"has-medium-font-size wp-block-paragraph\">Para mim, foi uma das experi\u00eancias mais interessantes daquela viagem. Eu havia chegado querendo conhecer a cidade de Milton Nascimento. Naquele momento, comecei a conhecer tamb\u00e9m o homem por tr\u00e1s do nome que eu j\u00e1 conhecia da m\u00fasica brasileira.<\/p>\n\n\n<div class=\"wp-block-image\">\n<figure class=\"aligncenter size-full\"><img decoding=\"async\" width=\"640\" height=\"426\" src=\"https:\/\/sintonizeaqui.com.br\/sintonize\/wp-content\/uploads\/2026\/08\/Festival-Musica-do-Mundo-2026-Bate-Papo-Literario-Vanusa-Campos-05.jpg\" alt=\"Festival M\u00fasica do Mundo: uma travessia por Tr\u00eas Pontas\" class=\"wp-image-16586\" srcset=\"https:\/\/sintonizeaqui.com.br\/sintonize\/wp-content\/uploads\/2026\/08\/Festival-Musica-do-Mundo-2026-Bate-Papo-Literario-Vanusa-Campos-05.jpg 640w, https:\/\/sintonizeaqui.com.br\/sintonize\/wp-content\/uploads\/2026\/08\/Festival-Musica-do-Mundo-2026-Bate-Papo-Literario-Vanusa-Campos-05-300x200.jpg 300w\" sizes=\"(max-width: 640px) 100vw, 640px\" \/><figcaption class=\"wp-element-caption\">Maria Dolores, Ingrid Macieira, Vilma Nascimento e Jo\u00e3o Marcos Veiga no Bate-papo Liter\u00e1rio (Cr\u00e9dito: Vanusa Campos &#8211; Festival M\u00fasica do Mundo)<\/figcaption><\/figure>\n<\/div>\n\n\n<p class=\"has-medium-font-size wp-block-paragraph\"><strong><mark style=\"background-color:rgba(0, 0, 0, 0)\" class=\"has-inline-color has-vivid-cyan-blue-color\">Wagner, presente!<\/mark><\/strong><\/p>\n\n\n\n<p class=\"has-medium-font-size wp-block-paragraph\">No fim da tarde, fomos ao Cemit\u00e9rio Municipal. Sim, ao cemit\u00e9rio, onde aconteceu a Serenata dos Tiso, desta vez com a participa\u00e7\u00e3o do Wagner.<\/p>\n\n\n\n<p class=\"has-medium-font-size wp-block-paragraph\">Talvez para quem mora em Tr\u00eas Pontas seja dif\u00edcil perceber o quanto aquele lugar pode surpreender. Para mim, era uma cena que eu n\u00e3o esperava encontrar em um festival de m\u00fasica: um cemit\u00e9rio transformado em espa\u00e7o de mem\u00f3ria, de encontro e de can\u00e7\u00f5es.<\/p>\n\n\n\n<p class=\"has-medium-font-size wp-block-paragraph\">A Serenata dos Tiso \u00e9 uma tradi\u00e7\u00e3o antiga da cidade, ligada \u00e0 fam\u00edlia do maestro Wagner Tiso. A participa\u00e7\u00e3o dele naquela sexta-feira acrescentou um significado especial \u00e0 programa\u00e7\u00e3o de retorno do Festival. A pr\u00f3pria imprensa nacional destacou a Serenata e a presen\u00e7a de Wagner entre os momentos simb\u00f3licos desta edi\u00e7\u00e3o. E, gente, de verdade, a Serenata \u00e9 simplesmente encantadora.<\/p>\n\n\n\n<p class=\"has-medium-font-size wp-block-paragraph\">A noite continuou nos bares. No Circuito Musical teve roda de samba, pop, rock, soul, bossa, teve MPB, teve at\u00e9 o cativante Chico Chico dando \u201cuma canja\u201d em um dos espa\u00e7os que receberam a programa\u00e7\u00e3o especial.<\/p>\n\n\n\n<p class=\"has-medium-font-size wp-block-paragraph\">N\u00f3s passamos rapidamente por alguns desses lugares e percebemos outra caracter\u00edstica interessante do Festival: n\u00e3o era necess\u00e1rio estar diante de um grande palco para sentir que algo estava acontecendo. A m\u00fasica estava nas esquinas, nos bares, nas conversas, nas mesas.<\/p>\n\n\n<div class=\"wp-block-image\">\n<figure class=\"aligncenter size-full is-resized\"><img decoding=\"async\" width=\"640\" height=\"426\" src=\"https:\/\/sintonizeaqui.com.br\/sintonize\/wp-content\/uploads\/2026\/08\/Festival-Musica-do-Mundo-2026-Serenata-dos-Tiso-Vanusa-Campos-04.jpg\" alt=\"Festival M\u00fasica do Mundo: uma travessia por Tr\u00eas Pontas\" class=\"wp-image-16587\" style=\"aspect-ratio:1.5023717818771538;width:579px;height:auto\" srcset=\"https:\/\/sintonizeaqui.com.br\/sintonize\/wp-content\/uploads\/2026\/08\/Festival-Musica-do-Mundo-2026-Serenata-dos-Tiso-Vanusa-Campos-04.jpg 640w, https:\/\/sintonizeaqui.com.br\/sintonize\/wp-content\/uploads\/2026\/08\/Festival-Musica-do-Mundo-2026-Serenata-dos-Tiso-Vanusa-Campos-04-300x200.jpg 300w\" sizes=\"(max-width: 640px) 100vw, 640px\" \/><figcaption class=\"wp-element-caption\">Serenata dos Tiso &#8211; evento levou m\u00fasica e emo\u00e7\u00e3o ao Cemit\u00e9rio Municipal de Tr\u00eas Pontas e a presen\u00e7a do maestro Wagner Tiso foi um dos momentos mais simb\u00f3licos desta edi\u00e7\u00e3o (Cr\u00e9dito: Vanusa Campos &#8211; Festival M\u00fasica do Mundo)<\/figcaption><\/figure>\n<\/div>\n\n\n<p class=\"has-medium-font-size wp-block-paragraph\"><strong><mark style=\"background-color:rgba(0, 0, 0, 0)\" class=\"has-inline-color has-vivid-cyan-blue-color\">S\u00e1bado: a travessia chega ao Aeroporto<\/mark><\/strong><\/p>\n\n\n\n<p class=\"has-medium-font-size wp-block-paragraph\">O s\u00e1bado amanheceu diferente. Pela manh\u00e3, a cidade ainda tinha programa\u00e7\u00e3o gratuita. Crian\u00e7as participaram das atividades do Festival, enquanto outro cortejo, desta vez com a Fanfarra do Col\u00e9gio Travessia, seguia da Pra\u00e7a C\u00f4nego Victor at\u00e9 a Pra\u00e7a Travessia.<\/p>\n\n\n\n<p class=\"has-medium-font-size wp-block-paragraph\">\u00c0 tarde, fomos para o Aeroporto. Era ali que aconteceria a principal noite do Festival M\u00fasica do Mundo. A programa\u00e7\u00e3o desfilou por Saideira Tributo Skank, Beto Guedes, Chico Chico, \u00c2nima Minas &#8211; em homenagem a Milton Nascimento &#8211; e Nando Reis.<\/p>\n\n\n<div class=\"wp-block-image\">\n<figure class=\"aligncenter size-full is-resized\"><img decoding=\"async\" width=\"640\" height=\"360\" src=\"https:\/\/sintonizeaqui.com.br\/sintonize\/wp-content\/uploads\/2026\/08\/Festival-Musica-do-Mundo-Producao-Palco-2.jpg\" alt=\"Festival M\u00fasica do Mundo: uma travessia por Tr\u00eas Pontas\" class=\"wp-image-16576\" style=\"width:640px;height:auto\" srcset=\"https:\/\/sintonizeaqui.com.br\/sintonize\/wp-content\/uploads\/2026\/08\/Festival-Musica-do-Mundo-Producao-Palco-2.jpg 640w, https:\/\/sintonizeaqui.com.br\/sintonize\/wp-content\/uploads\/2026\/08\/Festival-Musica-do-Mundo-Producao-Palco-2-300x169.jpg 300w\" sizes=\"(max-width: 640px) 100vw, 640px\" \/><figcaption class=\"wp-element-caption\">No palco, grandes m\u00fasicos, de renome nacional, tamb\u00e9m participaram da &#8220;Travessia&#8221;: Saideira Tributo Skank, Beto Guedes, Chico Chico, \u00c2nima Minas em homenagem a Milton Nascimento, e Nando Reis<\/figcaption><\/figure>\n<\/div>\n\n\n<p class=\"has-medium-font-size wp-block-paragraph\">Ent\u00e3o, percebi que n\u00e3o tinha vindo a Tr\u00eas Pontas apenas para assistir aos shows. E talvez por isso a experi\u00eancia tenha sido t\u00e3o completa. Eu j\u00e1 havia passado pelas ruas, escutado hist\u00f3rias, conhecido livros, visto uma fanfarra, entrado em bares e estado diante da casa de Milton e do t\u00famulo da fam\u00edlia Tiso. Quando cheguei ao Aeroporto, tudo aquilo parecia fazer parte da mesma narrativa. O palco reunia artistas de diferentes gera\u00e7\u00f5es, enquanto, ao redor, estava uma cidade cuja identidade musical n\u00e3o come\u00e7ou naquele fim de semana e certamente n\u00e3o terminaria quando as luzes fossem apagadas.<\/p>\n\n\n\n<p class=\"has-medium-font-size wp-block-paragraph\">Sem palavras para descrever o que vi, o que ouvi, o que senti&#8230; <\/p>\n\n\n\n<p class=\"has-medium-font-size wp-block-paragraph\"><strong><mark style=\"background-color:rgba(0, 0, 0, 0)\" class=\"has-inline-color has-vivid-cyan-blue-color\">Que p\u00f4r do sol!<\/mark><\/strong><\/p>\n\n\n\n<p class=\"has-medium-font-size wp-block-paragraph\">Entre uma atra\u00e7\u00e3o e outra, houve um momento em que eu simplesmente parei para olhar para tr\u00e1s do palco. O sol come\u00e7ava a baixar e deixava a cena ainda mais bonita. Um astro descendo ao fundo, tendo como moldura um cen\u00e1rio que fazia refer\u00eancia \u00e0 serra que d\u00e1 nome ao munic\u00edpio. Foi uma daquelas imagens que n\u00e3o precisam de explica\u00e7\u00e3o.<\/p>\n\n\n\n<p class=\"has-medium-font-size wp-block-paragraph\">Eu havia chegado ali sabendo que Tr\u00eas Pontas era a terra de Milton Nascimento e Wagner Tiso. Naquele instante, comecei a compreender que a paisagem tamb\u00e9m fazia parte dessa hist\u00f3ria. A montanha t\u00e3o bem representada, o c\u00e9u, o palco e a m\u00fasica formavam uma imagem dif\u00edcil de esquecer.<\/p>\n\n\n<div class=\"wp-block-image\">\n<figure class=\"aligncenter size-full is-resized\"><img decoding=\"async\" width=\"640\" height=\"426\" src=\"https:\/\/sintonizeaqui.com.br\/sintonize\/wp-content\/uploads\/2026\/08\/Festival-Musica-do-Mundo-2026-Por-do-Sol-Aeroporto-Vanusa-Campos-01.jpg\" alt=\"\" class=\"wp-image-16588\" style=\"width:640px;height:auto\" srcset=\"https:\/\/sintonizeaqui.com.br\/sintonize\/wp-content\/uploads\/2026\/08\/Festival-Musica-do-Mundo-2026-Por-do-Sol-Aeroporto-Vanusa-Campos-01.jpg 640w, https:\/\/sintonizeaqui.com.br\/sintonize\/wp-content\/uploads\/2026\/08\/Festival-Musica-do-Mundo-2026-Por-do-Sol-Aeroporto-Vanusa-Campos-01-300x200.jpg 300w\" sizes=\"(max-width: 640px) 100vw, 640px\" \/><figcaption class=\"wp-element-caption\">P\u00f4r do sol no Aeroporto da cidade: &#8220;&#8230; foi uma daquelas imagens que n\u00e3o precisam de explica\u00e7\u00e3o&#8221; (Cr\u00e9dito: Vanusa Campos &#8211; Festival M\u00fasica do Mundo)<\/figcaption><\/figure>\n<\/div>\n\n\n<p class=\"has-medium-font-size wp-block-paragraph\"><strong><mark style=\"background-color:rgba(0, 0, 0, 0)\" class=\"has-inline-color has-vivid-cyan-blue-color\">Que recep\u00e7\u00e3o!<\/mark><\/strong><\/p>\n\n\n\n<p class=\"has-medium-font-size wp-block-paragraph\">Ao longo daqueles dois dias, uma coisa tamb\u00e9m chamou minha aten\u00e7\u00e3o: a organiza\u00e7\u00e3o. Eu j\u00e1 havia participado de outros eventos, mas gostei particularmente de perceber que o Festival M\u00fasica do Mundo n\u00e3o ficou restrito ao espa\u00e7o dos shows principais. A programa\u00e7\u00e3o ocupou pra\u00e7as, bares, espa\u00e7os culturais e outros pontos de Tr\u00eas Pontas, criando oportunidades para que moradores e visitantes participassem de maneiras diferentes. A maior parte das atividades foi gratuita, enquanto os shows do palco principal, no s\u00e1bado, tiveram cobran\u00e7a de ingresso e, confesso, valeu cada centavo!<\/p>\n\n\n\n<p class=\"has-medium-font-size wp-block-paragraph\">Tamb\u00e9m ficou evidente que um evento desse tamanho movimenta muito mais do que a m\u00fasica. Hot\u00e9is, casas, restaurantes, bares, com\u00e9rcio e servi\u00e7os receberam visitantes durante os dias do Festival. Antes mesmo do in\u00edcio da programa\u00e7\u00e3o, a rede de hospedagem da cidade j\u00e1 registrava procura elevada, com estabelecimentos trabalhando com listas de espera.<\/p>\n\n\n\n<p class=\"has-medium-font-size wp-block-paragraph\">Para quem chega de fora, isso tamb\u00e9m faz parte da experi\u00eancia. A gente conhece um restaurante, compra alguma coisa, pergunta por um lugar para visitar, conversa com quem mora ali. E, sem perceber, vai levando um pouco da cidade junto.<\/p>\n\n\n\n<p class=\"has-medium-font-size wp-block-paragraph\"><strong><mark style=\"background-color:rgba(0, 0, 0, 0)\" class=\"has-inline-color has-vivid-cyan-blue-color\">Domingo chegou cedo demais<\/mark><\/strong><\/p>\n\n\n\n<p class=\"has-medium-font-size wp-block-paragraph\">No domingo, n\u00f3s ainda t\u00ednhamos vontade de ficar. Mas nossa viagem precisava terminar e deixamos Tr\u00eas Pontas no in\u00edcio da tarde, levando a impress\u00e3o de que hav\u00edamos conhecido muito e, ao mesmo tempo, muito pouco.<\/p>\n\n\n\n<p class=\"has-medium-font-size wp-block-paragraph\">Foi s\u00f3 na hora de partir que percebemos quantas coisas ainda haviam ficado pelo caminho. Eu queria ter visitado com mais calma o Castelinho, onde a programa\u00e7\u00e3o havia reunido gastronomia, cultura, moda e neg\u00f3cios. Tamb\u00e9m gostaria de ter degustado o caf\u00e9 colonial, o vinho premiado, gostaria de ter participado do Sarau na Casa da Cultura.<\/p>\n\n\n\n<p class=\"has-medium-font-size wp-block-paragraph\">Ficou faltando tempo para conhecer melhor outros espa\u00e7os que o Festival ocupou. No s\u00e1bado, por exemplo, havia a programa\u00e7\u00e3o infantil na Pra\u00e7a da Aparecida, com o Coral Infantil Trenzinho Caipira, atividades musicais e oficina de instrumentos feitos com materiais recicl\u00e1veis. No domingo, antes de nossa partida, ainda estava prevista a apresenta\u00e7\u00e3o da Orquestra Oswaldo Tiso, na Pra\u00e7a da Fonte.<\/p>\n\n\n<div class=\"wp-block-image\">\n<figure class=\"aligncenter size-full\"><img decoding=\"async\" width=\"549\" height=\"426\" src=\"https:\/\/sintonizeaqui.com.br\/sintonize\/wp-content\/uploads\/2026\/08\/Festival-Musica-do-Mundo-2026-Oficina-de-Musica-Vanusa-Campos-02.jpg\" alt=\"\" class=\"wp-image-16589\" srcset=\"https:\/\/sintonizeaqui.com.br\/sintonize\/wp-content\/uploads\/2026\/08\/Festival-Musica-do-Mundo-2026-Oficina-de-Musica-Vanusa-Campos-02.jpg 549w, https:\/\/sintonizeaqui.com.br\/sintonize\/wp-content\/uploads\/2026\/08\/Festival-Musica-do-Mundo-2026-Oficina-de-Musica-Vanusa-Campos-02-300x233.jpg 300w\" sizes=\"(max-width: 549px) 100vw, 549px\" \/><figcaption class=\"wp-element-caption\">Festival contou com v\u00e1rios momentos de lazer e aprendizagem dedicados \u00e0s crian\u00e7as e adolescentes (Cr\u00e9dito: Vanusa Campos &#8211; Festival M\u00fasica do Mundo)<\/figcaption><\/figure>\n<\/div>\n\n\n<p class=\"has-medium-font-size wp-block-paragraph\">Ficou faltando uma caminhada mais demorada pelas ruas. Ficou faltando sentar em mais algum lugar, conversar sem pressa, descobrir outros cantos da cidade. Ficou faltando, principalmente, aquele segundo dia de quem j\u00e1 n\u00e3o \u00e9 exatamente turista, porque come\u00e7a a reconhecer os caminhos. Talvez seja justamente essa a sensa\u00e7\u00e3o que uma primeira visita bem vivida deixa: a certeza de que ainda existe muito para descobrir.<\/p>\n\n\n\n<p class=\"has-medium-font-size wp-block-paragraph\">Partimos encantadas com a organiza\u00e7\u00e3o do Festival M\u00fasica do Mundo, com a acolhida e com a maneira como Tr\u00eas Pontas conseguiu transformar sua pr\u00f3pria hist\u00f3ria em uma experi\u00eancia para quem chega. <\/p>\n\n\n\n<p class=\"has-medium-font-size wp-block-paragraph\">Eu fui \u00e0 cidade pela m\u00fasica, pelos artistas consagrados. Sa\u00ed tamb\u00e9m com a mem\u00f3ria das ruas, dos livros, dos bares, do cemit\u00e9rio, das pessoas e daquele p\u00f4r do sol atr\u00e1s do palco.<\/p>\n\n\n\n<p class=\"has-medium-font-size wp-block-paragraph\">E com uma certeza simples: ainda h\u00e1 muito de Tr\u00eas Pontas para conhecer, afinal, como diz o pr\u00f3prio nome desta edi\u00e7\u00e3o, A Travessia Continua. E, para quem viveu o Festival M\u00fasica do Mundo de perto, talvez a pr\u00f3xima travessia comece justamente com a vontade de voltar.<\/p>\n\n\n\n<p class=\"has-medium-font-size wp-block-paragraph\">Obrigada, Festival M\u00fasica do Mundo! Obrigada Tr\u00eas Pontas! Voc\u00eas s\u00e3o incr\u00edveis! At\u00e9 breve!<\/p>\n\n\n\n<p class=\"has-text-align-right has-medium-font-size wp-block-paragraph\"><br><em> Eu, por muitos de n\u00f3s que fomos.<\/em><\/p>\n\n\n<div class=\"wp-block-image\">\n<figure class=\"aligncenter size-full\"><img decoding=\"async\" width=\"640\" height=\"426\" src=\"https:\/\/sintonizeaqui.com.br\/sintonize\/wp-content\/uploads\/2026\/08\/Festival-Musica-do-Mundo-Producao-Cobertura-1.jpg\" alt=\"\" class=\"wp-image-16575\" srcset=\"https:\/\/sintonizeaqui.com.br\/sintonize\/wp-content\/uploads\/2026\/08\/Festival-Musica-do-Mundo-Producao-Cobertura-1.jpg 640w, https:\/\/sintonizeaqui.com.br\/sintonize\/wp-content\/uploads\/2026\/08\/Festival-Musica-do-Mundo-Producao-Cobertura-1-300x200.jpg 300w\" sizes=\"(max-width: 640px) 100vw, 640px\" \/><figcaption class=\"wp-element-caption\">P\u00fablico vibrante durante shows principais do Festival M\u00fasica do Mundo 2026 &#8211; A Travessia Continua (Cr\u00e9dito: Vanusa Campos &#8211; Festival M\u00fasica do Mundo)<\/figcaption><\/figure>\n<\/div>\n\n\n<hr class=\"wp-block-separator has-alpha-channel-opacity\"\/>\n\n\n\n<p class=\"has-medium-font-size wp-block-paragraph\">O Festival M\u00fasica do Mundo \u2013 A Travessia Continua, foi realizado de 12 a 16 de agosto, em Tr\u00eas Pontas (MG), via Lei de Incentivo \u00e0 Cultura, com patroc\u00ednio da Laranjinha Ita\u00fa e EPR Vias do Caf\u00e9, apoio da Tecnot\u00eaxtil, Santa Safra, ACTA, Comtur, Prefeitura de Tr\u00eas Pontas, ACAITP, ACAITP Mulher, Conecta, Lagotela, Construt\u00fanel e Sesc MG, com realiza\u00e7\u00e3o da Marolo, Gabinete Produ\u00e7\u00f5es e Minist\u00e9rio da Cultura.<\/p>\n\n\n\n<hr class=\"wp-block-separator has-alpha-channel-opacity\"\/>\n\n\n\n<p class=\"has-medium-font-size wp-block-paragraph\"><strong><a href=\"https:\/\/www.instagram.com\/sintonizeaquitp\/\">Sintonize mais:<\/a><\/strong> <strong><a href=\"https:\/\/sintonizeaqui.com.br\/sintonize\/multivacinacao-acontece-neste-sabado-em-tres-pontas\/\">Multivacina\u00e7\u00e3o acontece neste s\u00e1bado em Tr\u00eas Pontas<\/a><\/strong><\/p>\n\n\n\n<p class=\"wp-block-paragraph\"><\/p>\n","protected":false},"excerpt":{"rendered":"<p>Eu fui&#8230; descobri mais sobre Milton Nascimento e Wagner Tiso; acompanhei de perto a programa\u00e7\u00e3o que espalhou arte, literatura e m\u00fasica; descobri a cidade<\/p>\n","protected":false},"author":2,"featured_media":16575,"comment_status":"closed","ping_status":"open","sticky":false,"template":"","format":"standard","meta":{"iawp_total_views":15,"footnotes":""},"categories":[19,3,11],"tags":[],"class_list":["post-16573","post","type-post","status-publish","format-standard","has-post-thumbnail","hentry","category-cultura","category-destaques","category-entretenimento"],"yoast_head":"<!-- This site is optimized with the Yoast SEO plugin v28.4 - https:\/\/yoast.com\/product\/yoast-seo-wordpress\/ -->\n<title>travessia por Tr\u00eas Pontas Festival M\u00fasica do Mundo<\/title>\n<meta name=\"description\" content=\"Festival M\u00fasica do Mundo: uma travessia por Tr\u00eas Pontas. Turista relata sua experi\u00eancia durante volta do Festival \u00e0 cidade de Bituca\" \/>\n<meta name=\"robots\" content=\"index, follow, max-snippet:-1, max-image-preview:large, max-video-preview:-1\" \/>\n<link rel=\"canonical\" href=\"https:\/\/sintonizeaqui.com.br\/sintonize\/festival-musica-do-mundo-uma-travessia-por-tres-pontas\/\" \/>\n<meta property=\"og:locale\" content=\"pt_BR\" \/>\n<meta property=\"og:type\" content=\"article\" \/>\n<meta property=\"og:title\" content=\"travessia por Tr\u00eas Pontas Festival M\u00fasica do Mundo\" \/>\n<meta property=\"og:description\" content=\"Festival M\u00fasica do Mundo: uma travessia por Tr\u00eas Pontas. Turista relata sua experi\u00eancia durante volta do Festival \u00e0 cidade de Bituca\" \/>\n<meta property=\"og:url\" content=\"https:\/\/sintonizeaqui.com.br\/sintonize\/festival-musica-do-mundo-uma-travessia-por-tres-pontas\/\" \/>\n<meta property=\"og:site_name\" content=\"SintonizeAqui\" \/>\n<meta property=\"article:publisher\" content=\"https:\/\/pt-br.facebook.com\/Sintonizeaqui\/\" \/>\n<meta property=\"article:published_time\" content=\"2026-08-21T19:42:49+00:00\" \/>\n<meta property=\"article:modified_time\" content=\"2026-08-21T19:42:51+00:00\" \/>\n<meta property=\"og:image\" content=\"https:\/\/sintonizeaqui.com.br\/sintonize\/wp-content\/uploads\/2026\/08\/Festival-Musica-do-Mundo-Producao-Cobertura-1.jpg\" \/>\n\t<meta property=\"og:image:width\" content=\"640\" \/>\n\t<meta property=\"og:image:height\" content=\"426\" \/>\n\t<meta property=\"og:image:type\" content=\"image\/jpeg\" \/>\n<meta name=\"author\" content=\"Sintonize Aqui\" \/>\n<meta name=\"twitter:card\" content=\"summary_large_image\" \/>\n<meta name=\"twitter:label1\" content=\"Escrito por\" \/>\n\t<meta name=\"twitter:data1\" content=\"Sintonize Aqui\" \/>\n\t<meta name=\"twitter:label2\" content=\"Est. tempo de leitura\" \/>\n\t<meta name=\"twitter:data2\" content=\"13 minutos\" \/>\n<script type=\"application\/ld+json\" class=\"yoast-schema-graph\">{\"@context\":\"https:\\\/\\\/schema.org\",\"@graph\":[{\"@type\":\"Article\",\"@id\":\"https:\\\/\\\/sintonizeaqui.com.br\\\/sintonize\\\/festival-musica-do-mundo-uma-travessia-por-tres-pontas\\\/#article\",\"isPartOf\":{\"@id\":\"https:\\\/\\\/sintonizeaqui.com.br\\\/sintonize\\\/festival-musica-do-mundo-uma-travessia-por-tres-pontas\\\/\"},\"author\":{\"name\":\"Sintonize Aqui\",\"@id\":\"https:\\\/\\\/sintonizeaqui.com.br\\\/sintonize\\\/#\\\/schema\\\/person\\\/a11ed5ad987e446d168b6926254223ba\"},\"headline\":\"Festival M\u00fasica do Mundo: uma travessia por Tr\u00eas Pontas\",\"datePublished\":\"2026-08-21T19:42:49+00:00\",\"dateModified\":\"2026-08-21T19:42:51+00:00\",\"mainEntityOfPage\":{\"@id\":\"https:\\\/\\\/sintonizeaqui.com.br\\\/sintonize\\\/festival-musica-do-mundo-uma-travessia-por-tres-pontas\\\/\"},\"wordCount\":2077,\"publisher\":{\"@id\":\"https:\\\/\\\/sintonizeaqui.com.br\\\/sintonize\\\/#organization\"},\"image\":{\"@id\":\"https:\\\/\\\/sintonizeaqui.com.br\\\/sintonize\\\/festival-musica-do-mundo-uma-travessia-por-tres-pontas\\\/#primaryimage\"},\"thumbnailUrl\":\"https:\\\/\\\/sintonizeaqui.com.br\\\/sintonize\\\/wp-content\\\/uploads\\\/2026\\\/08\\\/Festival-Musica-do-Mundo-Producao-Cobertura-1.jpg\",\"articleSection\":[\"Cultura\",\"Destaques\",\"Entretenimento\"],\"inLanguage\":\"pt-BR\"},{\"@type\":\"WebPage\",\"@id\":\"https:\\\/\\\/sintonizeaqui.com.br\\\/sintonize\\\/festival-musica-do-mundo-uma-travessia-por-tres-pontas\\\/\",\"url\":\"https:\\\/\\\/sintonizeaqui.com.br\\\/sintonize\\\/festival-musica-do-mundo-uma-travessia-por-tres-pontas\\\/\",\"name\":\"travessia por Tr\u00eas Pontas Festival M\u00fasica do Mundo\",\"isPartOf\":{\"@id\":\"https:\\\/\\\/sintonizeaqui.com.br\\\/sintonize\\\/#website\"},\"primaryImageOfPage\":{\"@id\":\"https:\\\/\\\/sintonizeaqui.com.br\\\/sintonize\\\/festival-musica-do-mundo-uma-travessia-por-tres-pontas\\\/#primaryimage\"},\"image\":{\"@id\":\"https:\\\/\\\/sintonizeaqui.com.br\\\/sintonize\\\/festival-musica-do-mundo-uma-travessia-por-tres-pontas\\\/#primaryimage\"},\"thumbnailUrl\":\"https:\\\/\\\/sintonizeaqui.com.br\\\/sintonize\\\/wp-content\\\/uploads\\\/2026\\\/08\\\/Festival-Musica-do-Mundo-Producao-Cobertura-1.jpg\",\"datePublished\":\"2026-08-21T19:42:49+00:00\",\"dateModified\":\"2026-08-21T19:42:51+00:00\",\"description\":\"Festival M\u00fasica do Mundo: uma travessia por Tr\u00eas Pontas. Turista relata sua experi\u00eancia durante volta do Festival \u00e0 cidade de Bituca\",\"breadcrumb\":{\"@id\":\"https:\\\/\\\/sintonizeaqui.com.br\\\/sintonize\\\/festival-musica-do-mundo-uma-travessia-por-tres-pontas\\\/#breadcrumb\"},\"inLanguage\":\"pt-BR\",\"potentialAction\":[{\"@type\":\"ReadAction\",\"target\":[\"https:\\\/\\\/sintonizeaqui.com.br\\\/sintonize\\\/festival-musica-do-mundo-uma-travessia-por-tres-pontas\\\/\"]}]},{\"@type\":\"ImageObject\",\"inLanguage\":\"pt-BR\",\"@id\":\"https:\\\/\\\/sintonizeaqui.com.br\\\/sintonize\\\/festival-musica-do-mundo-uma-travessia-por-tres-pontas\\\/#primaryimage\",\"url\":\"https:\\\/\\\/sintonizeaqui.com.br\\\/sintonize\\\/wp-content\\\/uploads\\\/2026\\\/08\\\/Festival-Musica-do-Mundo-Producao-Cobertura-1.jpg\",\"contentUrl\":\"https:\\\/\\\/sintonizeaqui.com.br\\\/sintonize\\\/wp-content\\\/uploads\\\/2026\\\/08\\\/Festival-Musica-do-Mundo-Producao-Cobertura-1.jpg\",\"width\":640,\"height\":426},{\"@type\":\"BreadcrumbList\",\"@id\":\"https:\\\/\\\/sintonizeaqui.com.br\\\/sintonize\\\/festival-musica-do-mundo-uma-travessia-por-tres-pontas\\\/#breadcrumb\",\"itemListElement\":[{\"@type\":\"ListItem\",\"position\":1,\"name\":\"In\u00edcio\",\"item\":\"https:\\\/\\\/sintonizeaqui.com.br\\\/sintonize\\\/\"},{\"@type\":\"ListItem\",\"position\":2,\"name\":\"Festival M\u00fasica do Mundo: uma travessia por Tr\u00eas Pontas\"}]},{\"@type\":\"WebSite\",\"@id\":\"https:\\\/\\\/sintonizeaqui.com.br\\\/sintonize\\\/#website\",\"url\":\"https:\\\/\\\/sintonizeaqui.com.br\\\/sintonize\\\/\",\"name\":\"SintonizeAqui\",\"description\":\"Not\u00edcias de Tr\u00eas Pontas e informa\u00e7\u00f5es \u00fateis para o trespontano!\",\"publisher\":{\"@id\":\"https:\\\/\\\/sintonizeaqui.com.br\\\/sintonize\\\/#organization\"},\"potentialAction\":[{\"@type\":\"SearchAction\",\"target\":{\"@type\":\"EntryPoint\",\"urlTemplate\":\"https:\\\/\\\/sintonizeaqui.com.br\\\/sintonize\\\/?s={search_term_string}\"},\"query-input\":{\"@type\":\"PropertyValueSpecification\",\"valueRequired\":true,\"valueName\":\"search_term_string\"}}],\"inLanguage\":\"pt-BR\"},{\"@type\":\"Organization\",\"@id\":\"https:\\\/\\\/sintonizeaqui.com.br\\\/sintonize\\\/#organization\",\"name\":\"SintonizeAqui\",\"url\":\"https:\\\/\\\/sintonizeaqui.com.br\\\/sintonize\\\/\",\"logo\":{\"@type\":\"ImageObject\",\"inLanguage\":\"pt-BR\",\"@id\":\"https:\\\/\\\/sintonizeaqui.com.br\\\/sintonize\\\/#\\\/schema\\\/logo\\\/image\\\/\",\"url\":\"https:\\\/\\\/sintonizeaqui.com.br\\\/sintonize\\\/wp-content\\\/uploads\\\/2022\\\/01\\\/cropped-NovaLoja.jpeg\",\"contentUrl\":\"https:\\\/\\\/sintonizeaqui.com.br\\\/sintonize\\\/wp-content\\\/uploads\\\/2022\\\/01\\\/cropped-NovaLoja.jpeg\",\"width\":528,\"height\":285,\"caption\":\"SintonizeAqui\"},\"image\":{\"@id\":\"https:\\\/\\\/sintonizeaqui.com.br\\\/sintonize\\\/#\\\/schema\\\/logo\\\/image\\\/\"},\"sameAs\":[\"https:\\\/\\\/pt-br.facebook.com\\\/Sintonizeaqui\\\/\"]},{\"@type\":\"Person\",\"@id\":\"https:\\\/\\\/sintonizeaqui.com.br\\\/sintonize\\\/#\\\/schema\\\/person\\\/a11ed5ad987e446d168b6926254223ba\",\"name\":\"Sintonize Aqui\",\"image\":{\"@type\":\"ImageObject\",\"inLanguage\":\"pt-BR\",\"@id\":\"https:\\\/\\\/secure.gravatar.com\\\/avatar\\\/4f9604391ac50df73cbad665333b2dd11254c2673bfabb6aab9a00a317ab3fa3?s=96&d=mm&r=g\",\"url\":\"https:\\\/\\\/secure.gravatar.com\\\/avatar\\\/4f9604391ac50df73cbad665333b2dd11254c2673bfabb6aab9a00a317ab3fa3?s=96&d=mm&r=g\",\"contentUrl\":\"https:\\\/\\\/secure.gravatar.com\\\/avatar\\\/4f9604391ac50df73cbad665333b2dd11254c2673bfabb6aab9a00a317ab3fa3?s=96&d=mm&r=g\",\"caption\":\"Sintonize Aqui\"},\"url\":\"https:\\\/\\\/sintonizeaqui.com.br\\\/sintonize\\\/author\\\/arlene\\\/\"}]}<\/script>\n<!-- \/ Yoast SEO plugin. -->","yoast_head_json":{"title":"travessia por Tr\u00eas Pontas Festival M\u00fasica do Mundo","description":"Festival M\u00fasica do Mundo: uma travessia por Tr\u00eas Pontas. Turista relata sua experi\u00eancia durante volta do Festival \u00e0 cidade de Bituca","robots":{"index":"index","follow":"follow","max-snippet":"max-snippet:-1","max-image-preview":"max-image-preview:large","max-video-preview":"max-video-preview:-1"},"canonical":"https:\/\/sintonizeaqui.com.br\/sintonize\/festival-musica-do-mundo-uma-travessia-por-tres-pontas\/","og_locale":"pt_BR","og_type":"article","og_title":"travessia por Tr\u00eas Pontas Festival M\u00fasica do Mundo","og_description":"Festival M\u00fasica do Mundo: uma travessia por Tr\u00eas Pontas. Turista relata sua experi\u00eancia durante volta do Festival \u00e0 cidade de Bituca","og_url":"https:\/\/sintonizeaqui.com.br\/sintonize\/festival-musica-do-mundo-uma-travessia-por-tres-pontas\/","og_site_name":"SintonizeAqui","article_publisher":"https:\/\/pt-br.facebook.com\/Sintonizeaqui\/","article_published_time":"2026-08-21T19:42:49+00:00","article_modified_time":"2026-08-21T19:42:51+00:00","og_image":[{"width":640,"height":426,"url":"https:\/\/sintonizeaqui.com.br\/sintonize\/wp-content\/uploads\/2026\/08\/Festival-Musica-do-Mundo-Producao-Cobertura-1.jpg","type":"image\/jpeg"}],"author":"Sintonize Aqui","twitter_card":"summary_large_image","twitter_misc":{"Escrito por":"Sintonize Aqui","Est. tempo de leitura":"13 minutos"},"schema":{"@context":"https:\/\/schema.org","@graph":[{"@type":"Article","@id":"https:\/\/sintonizeaqui.com.br\/sintonize\/festival-musica-do-mundo-uma-travessia-por-tres-pontas\/#article","isPartOf":{"@id":"https:\/\/sintonizeaqui.com.br\/sintonize\/festival-musica-do-mundo-uma-travessia-por-tres-pontas\/"},"author":{"name":"Sintonize Aqui","@id":"https:\/\/sintonizeaqui.com.br\/sintonize\/#\/schema\/person\/a11ed5ad987e446d168b6926254223ba"},"headline":"Festival M\u00fasica do Mundo: uma travessia por Tr\u00eas Pontas","datePublished":"2026-08-21T19:42:49+00:00","dateModified":"2026-08-21T19:42:51+00:00","mainEntityOfPage":{"@id":"https:\/\/sintonizeaqui.com.br\/sintonize\/festival-musica-do-mundo-uma-travessia-por-tres-pontas\/"},"wordCount":2077,"publisher":{"@id":"https:\/\/sintonizeaqui.com.br\/sintonize\/#organization"},"image":{"@id":"https:\/\/sintonizeaqui.com.br\/sintonize\/festival-musica-do-mundo-uma-travessia-por-tres-pontas\/#primaryimage"},"thumbnailUrl":"https:\/\/sintonizeaqui.com.br\/sintonize\/wp-content\/uploads\/2026\/08\/Festival-Musica-do-Mundo-Producao-Cobertura-1.jpg","articleSection":["Cultura","Destaques","Entretenimento"],"inLanguage":"pt-BR"},{"@type":"WebPage","@id":"https:\/\/sintonizeaqui.com.br\/sintonize\/festival-musica-do-mundo-uma-travessia-por-tres-pontas\/","url":"https:\/\/sintonizeaqui.com.br\/sintonize\/festival-musica-do-mundo-uma-travessia-por-tres-pontas\/","name":"travessia por Tr\u00eas Pontas Festival M\u00fasica do Mundo","isPartOf":{"@id":"https:\/\/sintonizeaqui.com.br\/sintonize\/#website"},"primaryImageOfPage":{"@id":"https:\/\/sintonizeaqui.com.br\/sintonize\/festival-musica-do-mundo-uma-travessia-por-tres-pontas\/#primaryimage"},"image":{"@id":"https:\/\/sintonizeaqui.com.br\/sintonize\/festival-musica-do-mundo-uma-travessia-por-tres-pontas\/#primaryimage"},"thumbnailUrl":"https:\/\/sintonizeaqui.com.br\/sintonize\/wp-content\/uploads\/2026\/08\/Festival-Musica-do-Mundo-Producao-Cobertura-1.jpg","datePublished":"2026-08-21T19:42:49+00:00","dateModified":"2026-08-21T19:42:51+00:00","description":"Festival M\u00fasica do Mundo: uma travessia por Tr\u00eas Pontas. Turista relata sua experi\u00eancia durante volta do Festival \u00e0 cidade de Bituca","breadcrumb":{"@id":"https:\/\/sintonizeaqui.com.br\/sintonize\/festival-musica-do-mundo-uma-travessia-por-tres-pontas\/#breadcrumb"},"inLanguage":"pt-BR","potentialAction":[{"@type":"ReadAction","target":["https:\/\/sintonizeaqui.com.br\/sintonize\/festival-musica-do-mundo-uma-travessia-por-tres-pontas\/"]}]},{"@type":"ImageObject","inLanguage":"pt-BR","@id":"https:\/\/sintonizeaqui.com.br\/sintonize\/festival-musica-do-mundo-uma-travessia-por-tres-pontas\/#primaryimage","url":"https:\/\/sintonizeaqui.com.br\/sintonize\/wp-content\/uploads\/2026\/08\/Festival-Musica-do-Mundo-Producao-Cobertura-1.jpg","contentUrl":"https:\/\/sintonizeaqui.com.br\/sintonize\/wp-content\/uploads\/2026\/08\/Festival-Musica-do-Mundo-Producao-Cobertura-1.jpg","width":640,"height":426},{"@type":"BreadcrumbList","@id":"https:\/\/sintonizeaqui.com.br\/sintonize\/festival-musica-do-mundo-uma-travessia-por-tres-pontas\/#breadcrumb","itemListElement":[{"@type":"ListItem","position":1,"name":"In\u00edcio","item":"https:\/\/sintonizeaqui.com.br\/sintonize\/"},{"@type":"ListItem","position":2,"name":"Festival M\u00fasica do Mundo: uma travessia por Tr\u00eas Pontas"}]},{"@type":"WebSite","@id":"https:\/\/sintonizeaqui.com.br\/sintonize\/#website","url":"https:\/\/sintonizeaqui.com.br\/sintonize\/","name":"SintonizeAqui","description":"Not\u00edcias de Tr\u00eas Pontas e informa\u00e7\u00f5es \u00fateis para o trespontano!","publisher":{"@id":"https:\/\/sintonizeaqui.com.br\/sintonize\/#organization"},"potentialAction":[{"@type":"SearchAction","target":{"@type":"EntryPoint","urlTemplate":"https:\/\/sintonizeaqui.com.br\/sintonize\/?s={search_term_string}"},"query-input":{"@type":"PropertyValueSpecification","valueRequired":true,"valueName":"search_term_string"}}],"inLanguage":"pt-BR"},{"@type":"Organization","@id":"https:\/\/sintonizeaqui.com.br\/sintonize\/#organization","name":"SintonizeAqui","url":"https:\/\/sintonizeaqui.com.br\/sintonize\/","logo":{"@type":"ImageObject","inLanguage":"pt-BR","@id":"https:\/\/sintonizeaqui.com.br\/sintonize\/#\/schema\/logo\/image\/","url":"https:\/\/sintonizeaqui.com.br\/sintonize\/wp-content\/uploads\/2022\/01\/cropped-NovaLoja.jpeg","contentUrl":"https:\/\/sintonizeaqui.com.br\/sintonize\/wp-content\/uploads\/2022\/01\/cropped-NovaLoja.jpeg","width":528,"height":285,"caption":"SintonizeAqui"},"image":{"@id":"https:\/\/sintonizeaqui.com.br\/sintonize\/#\/schema\/logo\/image\/"},"sameAs":["https:\/\/pt-br.facebook.com\/Sintonizeaqui\/"]},{"@type":"Person","@id":"https:\/\/sintonizeaqui.com.br\/sintonize\/#\/schema\/person\/a11ed5ad987e446d168b6926254223ba","name":"Sintonize Aqui","image":{"@type":"ImageObject","inLanguage":"pt-BR","@id":"https:\/\/secure.gravatar.com\/avatar\/4f9604391ac50df73cbad665333b2dd11254c2673bfabb6aab9a00a317ab3fa3?s=96&d=mm&r=g","url":"https:\/\/secure.gravatar.com\/avatar\/4f9604391ac50df73cbad665333b2dd11254c2673bfabb6aab9a00a317ab3fa3?s=96&d=mm&r=g","contentUrl":"https:\/\/secure.gravatar.com\/avatar\/4f9604391ac50df73cbad665333b2dd11254c2673bfabb6aab9a00a317ab3fa3?s=96&d=mm&r=g","caption":"Sintonize Aqui"},"url":"https:\/\/sintonizeaqui.com.br\/sintonize\/author\/arlene\/"}]}},"_links":{"self":[{"href":"https:\/\/sintonizeaqui.com.br\/sintonize\/wp-json\/wp\/v2\/posts\/16573","targetHints":{"allow":["GET"]}}],"collection":[{"href":"https:\/\/sintonizeaqui.com.br\/sintonize\/wp-json\/wp\/v2\/posts"}],"about":[{"href":"https:\/\/sintonizeaqui.com.br\/sintonize\/wp-json\/wp\/v2\/types\/post"}],"author":[{"embeddable":true,"href":"https:\/\/sintonizeaqui.com.br\/sintonize\/wp-json\/wp\/v2\/users\/2"}],"replies":[{"embeddable":true,"href":"https:\/\/sintonizeaqui.com.br\/sintonize\/wp-json\/wp\/v2\/comments?post=16573"}],"version-history":[{"count":11,"href":"https:\/\/sintonizeaqui.com.br\/sintonize\/wp-json\/wp\/v2\/posts\/16573\/revisions"}],"predecessor-version":[{"id":16595,"href":"https:\/\/sintonizeaqui.com.br\/sintonize\/wp-json\/wp\/v2\/posts\/16573\/revisions\/16595"}],"wp:featuredmedia":[{"embeddable":true,"href":"https:\/\/sintonizeaqui.com.br\/sintonize\/wp-json\/wp\/v2\/media\/16575"}],"wp:attachment":[{"href":"https:\/\/sintonizeaqui.com.br\/sintonize\/wp-json\/wp\/v2\/media?parent=16573"}],"wp:term":[{"taxonomy":"category","embeddable":true,"href":"https:\/\/sintonizeaqui.com.br\/sintonize\/wp-json\/wp\/v2\/categories?post=16573"},{"taxonomy":"post_tag","embeddable":true,"href":"https:\/\/sintonizeaqui.com.br\/sintonize\/wp-json\/wp\/v2\/tags?post=16573"}],"curies":[{"name":"wp","href":"https:\/\/api.w.org\/{rel}","templated":true}]}}