{"id":16552,"date":"2026-08-19T12:53:35","date_gmt":"2026-08-19T15:53:35","guid":{"rendered":"https:\/\/sintonizeaqui.com.br\/sintonize\/?p=16552"},"modified":"2026-08-19T12:53:38","modified_gmt":"2026-08-19T15:53:38","slug":"operacao-em-clinica-neuropsiquiatrica-de-alfenas-resgata-sete-pessoas-e-leva-a-interdicao-parcial-da-unidade","status":"publish","type":"post","link":"https:\/\/sintonizeaqui.com.br\/sintonize\/operacao-em-clinica-neuropsiquiatrica-de-alfenas-resgata-sete-pessoas-e-leva-a-interdicao-parcial-da-unidade\/","title":{"rendered":"Opera\u00e7\u00e3o em cl\u00ednica neuropsiqui\u00e1trica de Alfenas resgata sete pessoas e leva \u00e0 interdi\u00e7\u00e3o parcial da unidade"},"content":{"rendered":"<div class='booster-block booster-read-block'><\/div>\n<p class=\"has-medium-font-size wp-block-paragraph\"><strong><em>Coordenada pelo MPMG, opera\u00e7\u00e3o em cl\u00ednica neuropsiqui\u00e1trica identificou graves viola\u00e7\u00f5es de direitos humanos e irregularidades sanit\u00e1rias<\/em><\/strong><\/p>\n\n\n\n<p class=\"has-medium-font-size wp-block-paragraph\">Opera\u00e7\u00e3o interinstitucional coordenada pelo Minist\u00e9rio P\u00fablico de Minas Gerais (MPMG) e realizada nessa ter\u00e7a-feira, 18 de agosto, em uma cl\u00ednica neuropsiqui\u00e1trica de Alfenas, no Sul de Minas, identificou graves viola\u00e7\u00f5es de direitos humanos e irregularidades sanit\u00e1rias. Durante a fiscaliza\u00e7\u00e3o, sete homens foram encontrados em condi\u00e7\u00f5es degradantes e retirados da institui\u00e7\u00e3o. Eles foram encaminhados para avalia\u00e7\u00e3o e atendimento em servi\u00e7os de sa\u00fade de refer\u00eancia da regi\u00e3o.<\/p>\n\n\n\n<p class=\"has-medium-font-size wp-block-paragraph\">A Vigil\u00e2ncia Sanit\u00e1ria Municipal lavrou auto de inspe\u00e7\u00e3o e determinou a interdi\u00e7\u00e3o parcial da cl\u00ednica, proibindo a admiss\u00e3o de novos pacientes.&nbsp;A Pol\u00edcia Militar registrou ocorr\u00eancia indicando poss\u00edveis crimes de tortura, sequestro, c\u00e1rcere privado e maus-tratos. Houve pris\u00e3o em flagrante de respons\u00e1veis apontados no registro policial.<\/p>\n\n\n<div class=\"wp-block-image\">\n<figure class=\"aligncenter size-full\"><img decoding=\"async\" width=\"640\" height=\"426\" src=\"https:\/\/sintonizeaqui.com.br\/sintonize\/wp-content\/uploads\/2026\/08\/MPMG-Clinica-Neuropsiquiatrica-de-Alfenas-1.jpg\" alt=\"Opera\u00e7\u00e3o em cl\u00ednica neuropsiqui\u00e1trica de Alfenas resgata sete pessoas e leva \u00e0 interdi\u00e7\u00e3o parcial da unidade\" class=\"wp-image-16554\" srcset=\"https:\/\/sintonizeaqui.com.br\/sintonize\/wp-content\/uploads\/2026\/08\/MPMG-Clinica-Neuropsiquiatrica-de-Alfenas-1.jpg 640w, https:\/\/sintonizeaqui.com.br\/sintonize\/wp-content\/uploads\/2026\/08\/MPMG-Clinica-Neuropsiquiatrica-de-Alfenas-1-300x200.jpg 300w\" sizes=\"(max-width: 640px) 100vw, 640px\" \/><figcaption class=\"wp-element-caption\">Coordenada pelo MPMG, a opera\u00e7\u00e3o identificou em cl\u00ednica neuropsiqui\u00e1trica, na cidade de Alfenas, graves viola\u00e7\u00f5es de direitos humanos e irregularidades sanit\u00e1rias<\/figcaption><\/figure>\n<\/div>\n\n\n<p class=\"has-medium-font-size wp-block-paragraph\">A a\u00e7\u00e3o foi comandada pela Coordenadoria Regional das Promotorias de Justi\u00e7a de Defesa da Sa\u00fade da Macrorregi\u00e3o Sul (CRDS Sul), pelo Centro de Apoio Operacional \u00e0s Promotorias de Justi\u00e7a de Defesa da Sa\u00fade (CAO-Sa\u00fade), pelo Centro de Apoio Operacional \u00e0s Promotorias de Justi\u00e7a de Defesa dos Direitos das Crian\u00e7as e dos Adolescentes (CAO-DCA), pela Coordenadoria Regional das Promotorias de Justi\u00e7a de Defesa dos Direitos das Crian\u00e7as e dos Adolescentes do Sul de Minas (Credca Sul de Minas) e pela Promotoria de Justi\u00e7a de Direitos Humanos de Alfenas. Tamb\u00e9m participaram \u00f3rg\u00e3os estaduais e municipais, o Conselho Tutelar e a Pol\u00edcia Militar.<\/p>\n\n\n\n<p class=\"has-medium-font-size wp-block-paragraph\">A fiscaliza\u00e7\u00e3o foi planejada a partir de informa\u00e7\u00f5es e den\u00fancias recebidas pelos \u00f3rg\u00e3os envolvidos sobre poss\u00edveis irregularidades na institui\u00e7\u00e3o. O acompanhamento tamb\u00e9m considerava a presen\u00e7a de pessoas com sofrimento mental, pessoas com necessidades decorrentes do uso de \u00e1lcool e outras drogas e adolescentes submetidos a medidas judiciais de interna\u00e7\u00e3o compuls\u00f3ria.<\/p>\n\n\n\n<p class=\"has-medium-font-size wp-block-paragraph\">Segundo os registros da inspe\u00e7\u00e3o, algumas pessoas estavam em c\u00f4modos fechados e trancados por fora com cadeados, em ambientes sem condi\u00e7\u00f5es adequadas de higiene, acomoda\u00e7\u00e3o e seguran\u00e7a.<\/p>\n\n\n\n<p class=\"has-medium-font-size wp-block-paragraph\">De acordo com listagem fornecida pela cl\u00ednica,&nbsp;havia <strong>137 pessoas institucionalizadas<\/strong> no local no dia da opera\u00e7\u00e3o, <strong>entre adolescentes, idosos, pessoas com defici\u00eancia, pessoas com sofrimento mental e pessoas com problemas relacionados ao uso de \u00e1lcool e outras drogas<\/strong>.<\/p>\n\n\n\n<p class=\"has-medium-font-size wp-block-paragraph\">Conforme registrado na ocorr\u00eancia policial, uma pessoa foi encontrada lesionada em um ambiente com fia\u00e7\u00e3o el\u00e9trica exposta, presen\u00e7a de fezes e urina e sem cama para acomoda\u00e7\u00e3o. Ela foi encaminhada para atendimento hospitalar.<\/p>\n\n\n\n<p class=\"has-medium-font-size wp-block-paragraph\">Em outro c\u00f4modo, tamb\u00e9m trancado pelo lado de fora, equipes localizaram pacientes em condi\u00e7\u00f5es inadequadas para assist\u00eancia e perman\u00eancia. Os ocupantes foram retirados do local e encaminhados para atendimento pela rede respons\u00e1vel.<\/p>\n\n\n\n<figure class=\"wp-block-gallery has-nested-images columns-default is-cropped wp-block-gallery-1 is-layout-flex wp-block-gallery-is-layout-flex\">\n<figure class=\"wp-block-image size-large\"><img decoding=\"async\" width=\"476\" height=\"520\" data-id=\"16556\" src=\"https:\/\/sintonizeaqui.com.br\/sintonize\/wp-content\/uploads\/2026\/08\/MPMG-Clinica-Neuropsiquiatrica-de-Alfenas-3.jpg\" alt=\"Opera\u00e7\u00e3o em cl\u00ednica neuropsiqui\u00e1trica de Alfenas resgata sete pessoas e leva \u00e0 interdi\u00e7\u00e3o parcial da unidade\" class=\"wp-image-16556\" srcset=\"https:\/\/sintonizeaqui.com.br\/sintonize\/wp-content\/uploads\/2026\/08\/MPMG-Clinica-Neuropsiquiatrica-de-Alfenas-3.jpg 476w, https:\/\/sintonizeaqui.com.br\/sintonize\/wp-content\/uploads\/2026\/08\/MPMG-Clinica-Neuropsiquiatrica-de-Alfenas-3-275x300.jpg 275w\" sizes=\"(max-width: 476px) 100vw, 476px\" \/><\/figure>\n\n\n\n<figure class=\"wp-block-image size-large\"><img decoding=\"async\" width=\"478\" height=\"555\" data-id=\"16557\" src=\"https:\/\/sintonizeaqui.com.br\/sintonize\/wp-content\/uploads\/2026\/08\/MPMG-Clinica-Neuropsiquiatrica-de-Alfenas-4.jpg\" alt=\"\" class=\"wp-image-16557\" srcset=\"https:\/\/sintonizeaqui.com.br\/sintonize\/wp-content\/uploads\/2026\/08\/MPMG-Clinica-Neuropsiquiatrica-de-Alfenas-4.jpg 478w, https:\/\/sintonizeaqui.com.br\/sintonize\/wp-content\/uploads\/2026\/08\/MPMG-Clinica-Neuropsiquiatrica-de-Alfenas-4-258x300.jpg 258w\" sizes=\"(max-width: 478px) 100vw, 478px\" \/><\/figure>\n<\/figure>\n\n\n\n<p class=\"wp-block-paragraph\">Em um dos c\u00f4modos da cl\u00ednica neuropsiqui\u00e1trica, trancado pelo lado de fora, equipes localizaram pacientes em condi\u00e7\u00f5es inadequadas para assist\u00eancia e perman\u00eancia. Falta de cuidados foram observados em todo o im\u00f3vel <\/p>\n\n\n\n<p class=\"has-medium-font-size wp-block-paragraph\"><strong><mark style=\"background-color:rgba(0, 0, 0, 0)\" class=\"has-inline-color has-vivid-cyan-blue-color\">Prote\u00e7\u00e3o dos direitos<\/mark><\/strong><\/p>\n\n\n\n<p class=\"has-medium-font-size wp-block-paragraph\">A opera\u00e7\u00e3o integra o trabalho desenvolvido pelo MPMG para fiscalizar as condi\u00e7\u00f5es de assist\u00eancia \u00e0s pessoas com sofrimento mental e promover pol\u00edticas p\u00fablicas baseadas no cuidado em liberdade, na aten\u00e7\u00e3o territorial e comunit\u00e1ria e na prote\u00e7\u00e3o dos direitos humanos.<\/p>\n\n\n\n<p class=\"has-medium-font-size wp-block-paragraph\">A atua\u00e7\u00e3o tamb\u00e9m est\u00e1 alinhada \u00e0s diretrizes da Pol\u00edtica Antimanicomial, que busca prevenir pr\u00e1ticas de car\u00e1ter asilar e assegurar a prote\u00e7\u00e3o de pessoas submetidas a interna\u00e7\u00f5es ou outras formas de restri\u00e7\u00e3o de liberdade.<\/p>\n\n\n\n<p class=\"has-medium-font-size wp-block-paragraph\">Em rela\u00e7\u00e3o aos adolescentes encontrados na institui\u00e7\u00e3o, a atua\u00e7\u00e3o do MPMG busca a prote\u00e7\u00e3o integral com tratamento adequado, priorizando o retorno ao conv\u00edvio familiar e comunit\u00e1rio de forma planejada, segura e humanizada.<\/p>\n\n\n\n<figure class=\"wp-block-gallery has-nested-images columns-default is-cropped wp-block-gallery-2 is-layout-flex wp-block-gallery-is-layout-flex\">\n<figure class=\"wp-block-image size-large\"><img decoding=\"async\" width=\"395\" height=\"480\" data-id=\"16555\" src=\"https:\/\/sintonizeaqui.com.br\/sintonize\/wp-content\/uploads\/2026\/08\/MPMG-Clinica-Neuropsiquiatrica-de-Alfenas-2.jpg\" alt=\"Opera\u00e7\u00e3o em cl\u00ednica neuropsiqui\u00e1trica de Alfenas resgata sete pessoas e leva \u00e0 interdi\u00e7\u00e3o parcial da unidade\" class=\"wp-image-16555\" srcset=\"https:\/\/sintonizeaqui.com.br\/sintonize\/wp-content\/uploads\/2026\/08\/MPMG-Clinica-Neuropsiquiatrica-de-Alfenas-2.jpg 395w, https:\/\/sintonizeaqui.com.br\/sintonize\/wp-content\/uploads\/2026\/08\/MPMG-Clinica-Neuropsiquiatrica-de-Alfenas-2-247x300.jpg 247w\" sizes=\"(max-width: 395px) 100vw, 395px\" \/><\/figure>\n\n\n\n<figure class=\"wp-block-image size-full\"><img decoding=\"async\" width=\"475\" height=\"583\" data-id=\"16558\" src=\"https:\/\/sintonizeaqui.com.br\/sintonize\/wp-content\/uploads\/2026\/08\/MPMG-Clinica-Neuropsiquiatrica-de-Alfenas-5.jpg\" alt=\"Opera\u00e7\u00e3o em cl\u00ednica neuropsiqui\u00e1trica de Alfenas resgata sete pessoas e leva \u00e0 interdi\u00e7\u00e3o parcial da unidade\" class=\"wp-image-16558\" srcset=\"https:\/\/sintonizeaqui.com.br\/sintonize\/wp-content\/uploads\/2026\/08\/MPMG-Clinica-Neuropsiquiatrica-de-Alfenas-5.jpg 475w, https:\/\/sintonizeaqui.com.br\/sintonize\/wp-content\/uploads\/2026\/08\/MPMG-Clinica-Neuropsiquiatrica-de-Alfenas-5-244x300.jpg 244w\" sizes=\"(max-width: 475px) 100vw, 475px\" \/><\/figure>\n<\/figure>\n\n\n\n<p class=\"wp-block-paragraph\">De acordo com o MPMG, a opera\u00e7\u00e3o integra o trabalho de fiscaliza\u00e7\u00e3o das condi\u00e7\u00f5es de assist\u00eancia \u00e0s pessoas com sofrimento mental e est\u00e1 alinhada \u00e0s diretrizes da Pol\u00edtica Antimanicomial, que busca prevenir pr\u00e1ticas de car\u00e1ter asilar e assegurar a prote\u00e7\u00e3o de pessoas submetidas a interna\u00e7\u00f5es ou outras formas de restri\u00e7\u00e3o de liberdade<\/p>\n\n\n\n<p class=\"wp-block-paragraph\">(Ascom MPMG)<\/p>\n\n\n\n<hr class=\"wp-block-separator has-alpha-channel-opacity\"\/>\n\n\n\n<p class=\"has-medium-font-size wp-block-paragraph\"><strong><a href=\"https:\/\/www.instagram.com\/sintonizeaquitp\/\">Sintonize mais:<\/a><\/strong> <a href=\"https:\/\/sintonizeaqui.com.br\/sintonize\/grito-de-mulher-tres-pontas-se-une-pelo-fim-da-violencia-de-genero\/\">Um grito que pede vida: Tr\u00eas Pontas se une pelo fim da viol\u00eancia contra a mulher<\/a><\/p>\n\n\n\n<p class=\"wp-block-paragraph\"><\/p>\n","protected":false},"excerpt":{"rendered":"<p>Coordenada pelo MPMG, a opera\u00e7\u00e3o identificou graves viola\u00e7\u00f5es de direitos humanos e irregularidades sanit\u00e1rias<\/p>\n","protected":false},"author":2,"featured_media":16554,"comment_status":"closed","ping_status":"open","sticky":false,"template":"","format":"standard","meta":{"iawp_total_views":72,"footnotes":""},"categories":[3,10],"tags":[],"class_list":["post-16552","post","type-post","status-publish","format-standard","has-post-thumbnail","hentry","category-destaques","category-policial"],"yoast_head":"<!-- This site is optimized with the Yoast SEO plugin v28.4 - https:\/\/yoast.com\/product\/yoast-seo-wordpress\/ -->\n<title>Opera\u00e7\u00e3o em cl\u00ednica neuropsiqui\u00e1trica de Alfenas<\/title>\n<meta name=\"description\" content=\"Opera\u00e7\u00e3o em cl\u00ednica neuropsiqui\u00e1trica de Alfenas resgata sete pessoas e leva \u00e0 interdi\u00e7\u00e3o parcial da unidade\" \/>\n<meta name=\"robots\" content=\"index, follow, max-snippet:-1, max-image-preview:large, max-video-preview:-1\" \/>\n<link rel=\"canonical\" href=\"https:\/\/sintonizeaqui.com.br\/sintonize\/operacao-em-clinica-neuropsiquiatrica-de-alfenas-resgata-sete-pessoas-e-leva-a-interdicao-parcial-da-unidade\/\" \/>\n<meta property=\"og:locale\" content=\"pt_BR\" \/>\n<meta property=\"og:type\" content=\"article\" \/>\n<meta property=\"og:title\" content=\"Opera\u00e7\u00e3o em cl\u00ednica neuropsiqui\u00e1trica de Alfenas\" \/>\n<meta property=\"og:description\" content=\"Opera\u00e7\u00e3o em cl\u00ednica neuropsiqui\u00e1trica de Alfenas resgata sete pessoas e leva \u00e0 interdi\u00e7\u00e3o parcial da unidade\" \/>\n<meta property=\"og:url\" content=\"https:\/\/sintonizeaqui.com.br\/sintonize\/operacao-em-clinica-neuropsiquiatrica-de-alfenas-resgata-sete-pessoas-e-leva-a-interdicao-parcial-da-unidade\/\" \/>\n<meta property=\"og:site_name\" content=\"SintonizeAqui\" \/>\n<meta property=\"article:publisher\" content=\"https:\/\/pt-br.facebook.com\/Sintonizeaqui\/\" \/>\n<meta property=\"article:published_time\" content=\"2026-08-19T15:53:35+00:00\" \/>\n<meta property=\"article:modified_time\" content=\"2026-08-19T15:53:38+00:00\" \/>\n<meta property=\"og:image\" content=\"https:\/\/sintonizeaqui.com.br\/sintonize\/wp-content\/uploads\/2026\/08\/MPMG-Clinica-Neuropsiquiatrica-de-Alfenas-1.jpg\" \/>\n\t<meta property=\"og:image:width\" content=\"640\" \/>\n\t<meta property=\"og:image:height\" content=\"426\" \/>\n\t<meta property=\"og:image:type\" content=\"image\/jpeg\" \/>\n<meta name=\"author\" content=\"Sintonize Aqui\" \/>\n<meta name=\"twitter:card\" content=\"summary_large_image\" \/>\n<meta name=\"twitter:label1\" content=\"Escrito por\" \/>\n\t<meta name=\"twitter:data1\" content=\"Sintonize Aqui\" \/>\n\t<meta name=\"twitter:label2\" content=\"Est. tempo de leitura\" \/>\n\t<meta name=\"twitter:data2\" content=\"5 minutos\" \/>\n<script type=\"application\/ld+json\" class=\"yoast-schema-graph\">{\"@context\":\"https:\\\/\\\/schema.org\",\"@graph\":[{\"@type\":\"Article\",\"@id\":\"https:\\\/\\\/sintonizeaqui.com.br\\\/sintonize\\\/operacao-em-clinica-neuropsiquiatrica-de-alfenas-resgata-sete-pessoas-e-leva-a-interdicao-parcial-da-unidade\\\/#article\",\"isPartOf\":{\"@id\":\"https:\\\/\\\/sintonizeaqui.com.br\\\/sintonize\\\/operacao-em-clinica-neuropsiquiatrica-de-alfenas-resgata-sete-pessoas-e-leva-a-interdicao-parcial-da-unidade\\\/\"},\"author\":{\"name\":\"Sintonize Aqui\",\"@id\":\"https:\\\/\\\/sintonizeaqui.com.br\\\/sintonize\\\/#\\\/schema\\\/person\\\/a11ed5ad987e446d168b6926254223ba\"},\"headline\":\"Opera\u00e7\u00e3o em cl\u00ednica neuropsiqui\u00e1trica de Alfenas resgata sete pessoas e leva \u00e0 interdi\u00e7\u00e3o parcial da unidade\",\"datePublished\":\"2026-08-19T15:53:35+00:00\",\"dateModified\":\"2026-08-19T15:53:38+00:00\",\"mainEntityOfPage\":{\"@id\":\"https:\\\/\\\/sintonizeaqui.com.br\\\/sintonize\\\/operacao-em-clinica-neuropsiquiatrica-de-alfenas-resgata-sete-pessoas-e-leva-a-interdicao-parcial-da-unidade\\\/\"},\"wordCount\":782,\"publisher\":{\"@id\":\"https:\\\/\\\/sintonizeaqui.com.br\\\/sintonize\\\/#organization\"},\"image\":{\"@id\":\"https:\\\/\\\/sintonizeaqui.com.br\\\/sintonize\\\/operacao-em-clinica-neuropsiquiatrica-de-alfenas-resgata-sete-pessoas-e-leva-a-interdicao-parcial-da-unidade\\\/#primaryimage\"},\"thumbnailUrl\":\"https:\\\/\\\/sintonizeaqui.com.br\\\/sintonize\\\/wp-content\\\/uploads\\\/2026\\\/08\\\/MPMG-Clinica-Neuropsiquiatrica-de-Alfenas-1.jpg\",\"articleSection\":[\"Destaques\",\"Policial\"],\"inLanguage\":\"pt-BR\"},{\"@type\":\"WebPage\",\"@id\":\"https:\\\/\\\/sintonizeaqui.com.br\\\/sintonize\\\/operacao-em-clinica-neuropsiquiatrica-de-alfenas-resgata-sete-pessoas-e-leva-a-interdicao-parcial-da-unidade\\\/\",\"url\":\"https:\\\/\\\/sintonizeaqui.com.br\\\/sintonize\\\/operacao-em-clinica-neuropsiquiatrica-de-alfenas-resgata-sete-pessoas-e-leva-a-interdicao-parcial-da-unidade\\\/\",\"name\":\"Opera\u00e7\u00e3o em cl\u00ednica neuropsiqui\u00e1trica de Alfenas\",\"isPartOf\":{\"@id\":\"https:\\\/\\\/sintonizeaqui.com.br\\\/sintonize\\\/#website\"},\"primaryImageOfPage\":{\"@id\":\"https:\\\/\\\/sintonizeaqui.com.br\\\/sintonize\\\/operacao-em-clinica-neuropsiquiatrica-de-alfenas-resgata-sete-pessoas-e-leva-a-interdicao-parcial-da-unidade\\\/#primaryimage\"},\"image\":{\"@id\":\"https:\\\/\\\/sintonizeaqui.com.br\\\/sintonize\\\/operacao-em-clinica-neuropsiquiatrica-de-alfenas-resgata-sete-pessoas-e-leva-a-interdicao-parcial-da-unidade\\\/#primaryimage\"},\"thumbnailUrl\":\"https:\\\/\\\/sintonizeaqui.com.br\\\/sintonize\\\/wp-content\\\/uploads\\\/2026\\\/08\\\/MPMG-Clinica-Neuropsiquiatrica-de-Alfenas-1.jpg\",\"datePublished\":\"2026-08-19T15:53:35+00:00\",\"dateModified\":\"2026-08-19T15:53:38+00:00\",\"description\":\"Opera\u00e7\u00e3o em cl\u00ednica neuropsiqui\u00e1trica de Alfenas resgata sete pessoas e leva \u00e0 interdi\u00e7\u00e3o parcial da unidade\",\"breadcrumb\":{\"@id\":\"https:\\\/\\\/sintonizeaqui.com.br\\\/sintonize\\\/operacao-em-clinica-neuropsiquiatrica-de-alfenas-resgata-sete-pessoas-e-leva-a-interdicao-parcial-da-unidade\\\/#breadcrumb\"},\"inLanguage\":\"pt-BR\",\"potentialAction\":[{\"@type\":\"ReadAction\",\"target\":[\"https:\\\/\\\/sintonizeaqui.com.br\\\/sintonize\\\/operacao-em-clinica-neuropsiquiatrica-de-alfenas-resgata-sete-pessoas-e-leva-a-interdicao-parcial-da-unidade\\\/\"]}]},{\"@type\":\"ImageObject\",\"inLanguage\":\"pt-BR\",\"@id\":\"https:\\\/\\\/sintonizeaqui.com.br\\\/sintonize\\\/operacao-em-clinica-neuropsiquiatrica-de-alfenas-resgata-sete-pessoas-e-leva-a-interdicao-parcial-da-unidade\\\/#primaryimage\",\"url\":\"https:\\\/\\\/sintonizeaqui.com.br\\\/sintonize\\\/wp-content\\\/uploads\\\/2026\\\/08\\\/MPMG-Clinica-Neuropsiquiatrica-de-Alfenas-1.jpg\",\"contentUrl\":\"https:\\\/\\\/sintonizeaqui.com.br\\\/sintonize\\\/wp-content\\\/uploads\\\/2026\\\/08\\\/MPMG-Clinica-Neuropsiquiatrica-de-Alfenas-1.jpg\",\"width\":640,\"height\":426},{\"@type\":\"BreadcrumbList\",\"@id\":\"https:\\\/\\\/sintonizeaqui.com.br\\\/sintonize\\\/operacao-em-clinica-neuropsiquiatrica-de-alfenas-resgata-sete-pessoas-e-leva-a-interdicao-parcial-da-unidade\\\/#breadcrumb\",\"itemListElement\":[{\"@type\":\"ListItem\",\"position\":1,\"name\":\"In\u00edcio\",\"item\":\"https:\\\/\\\/sintonizeaqui.com.br\\\/sintonize\\\/\"},{\"@type\":\"ListItem\",\"position\":2,\"name\":\"Opera\u00e7\u00e3o em cl\u00ednica neuropsiqui\u00e1trica de Alfenas resgata sete pessoas e leva \u00e0 interdi\u00e7\u00e3o parcial da unidade\"}]},{\"@type\":\"WebSite\",\"@id\":\"https:\\\/\\\/sintonizeaqui.com.br\\\/sintonize\\\/#website\",\"url\":\"https:\\\/\\\/sintonizeaqui.com.br\\\/sintonize\\\/\",\"name\":\"SintonizeAqui\",\"description\":\"Not\u00edcias de Tr\u00eas Pontas e informa\u00e7\u00f5es \u00fateis para o trespontano!\",\"publisher\":{\"@id\":\"https:\\\/\\\/sintonizeaqui.com.br\\\/sintonize\\\/#organization\"},\"potentialAction\":[{\"@type\":\"SearchAction\",\"target\":{\"@type\":\"EntryPoint\",\"urlTemplate\":\"https:\\\/\\\/sintonizeaqui.com.br\\\/sintonize\\\/?s={search_term_string}\"},\"query-input\":{\"@type\":\"PropertyValueSpecification\",\"valueRequired\":true,\"valueName\":\"search_term_string\"}}],\"inLanguage\":\"pt-BR\"},{\"@type\":\"Organization\",\"@id\":\"https:\\\/\\\/sintonizeaqui.com.br\\\/sintonize\\\/#organization\",\"name\":\"SintonizeAqui\",\"url\":\"https:\\\/\\\/sintonizeaqui.com.br\\\/sintonize\\\/\",\"logo\":{\"@type\":\"ImageObject\",\"inLanguage\":\"pt-BR\",\"@id\":\"https:\\\/\\\/sintonizeaqui.com.br\\\/sintonize\\\/#\\\/schema\\\/logo\\\/image\\\/\",\"url\":\"https:\\\/\\\/sintonizeaqui.com.br\\\/sintonize\\\/wp-content\\\/uploads\\\/2022\\\/01\\\/cropped-NovaLoja.jpeg\",\"contentUrl\":\"https:\\\/\\\/sintonizeaqui.com.br\\\/sintonize\\\/wp-content\\\/uploads\\\/2022\\\/01\\\/cropped-NovaLoja.jpeg\",\"width\":528,\"height\":285,\"caption\":\"SintonizeAqui\"},\"image\":{\"@id\":\"https:\\\/\\\/sintonizeaqui.com.br\\\/sintonize\\\/#\\\/schema\\\/logo\\\/image\\\/\"},\"sameAs\":[\"https:\\\/\\\/pt-br.facebook.com\\\/Sintonizeaqui\\\/\"]},{\"@type\":\"Person\",\"@id\":\"https:\\\/\\\/sintonizeaqui.com.br\\\/sintonize\\\/#\\\/schema\\\/person\\\/a11ed5ad987e446d168b6926254223ba\",\"name\":\"Sintonize Aqui\",\"image\":{\"@type\":\"ImageObject\",\"inLanguage\":\"pt-BR\",\"@id\":\"https:\\\/\\\/secure.gravatar.com\\\/avatar\\\/4f9604391ac50df73cbad665333b2dd11254c2673bfabb6aab9a00a317ab3fa3?s=96&d=mm&r=g\",\"url\":\"https:\\\/\\\/secure.gravatar.com\\\/avatar\\\/4f9604391ac50df73cbad665333b2dd11254c2673bfabb6aab9a00a317ab3fa3?s=96&d=mm&r=g\",\"contentUrl\":\"https:\\\/\\\/secure.gravatar.com\\\/avatar\\\/4f9604391ac50df73cbad665333b2dd11254c2673bfabb6aab9a00a317ab3fa3?s=96&d=mm&r=g\",\"caption\":\"Sintonize Aqui\"},\"url\":\"https:\\\/\\\/sintonizeaqui.com.br\\\/sintonize\\\/author\\\/arlene\\\/\"}]}<\/script>\n<!-- \/ Yoast SEO plugin. -->","yoast_head_json":{"title":"Opera\u00e7\u00e3o em cl\u00ednica neuropsiqui\u00e1trica de Alfenas","description":"Opera\u00e7\u00e3o em cl\u00ednica neuropsiqui\u00e1trica de Alfenas resgata sete pessoas e leva \u00e0 interdi\u00e7\u00e3o parcial da unidade","robots":{"index":"index","follow":"follow","max-snippet":"max-snippet:-1","max-image-preview":"max-image-preview:large","max-video-preview":"max-video-preview:-1"},"canonical":"https:\/\/sintonizeaqui.com.br\/sintonize\/operacao-em-clinica-neuropsiquiatrica-de-alfenas-resgata-sete-pessoas-e-leva-a-interdicao-parcial-da-unidade\/","og_locale":"pt_BR","og_type":"article","og_title":"Opera\u00e7\u00e3o em cl\u00ednica neuropsiqui\u00e1trica de Alfenas","og_description":"Opera\u00e7\u00e3o em cl\u00ednica neuropsiqui\u00e1trica de Alfenas resgata sete pessoas e leva \u00e0 interdi\u00e7\u00e3o parcial da unidade","og_url":"https:\/\/sintonizeaqui.com.br\/sintonize\/operacao-em-clinica-neuropsiquiatrica-de-alfenas-resgata-sete-pessoas-e-leva-a-interdicao-parcial-da-unidade\/","og_site_name":"SintonizeAqui","article_publisher":"https:\/\/pt-br.facebook.com\/Sintonizeaqui\/","article_published_time":"2026-08-19T15:53:35+00:00","article_modified_time":"2026-08-19T15:53:38+00:00","og_image":[{"width":640,"height":426,"url":"https:\/\/sintonizeaqui.com.br\/sintonize\/wp-content\/uploads\/2026\/08\/MPMG-Clinica-Neuropsiquiatrica-de-Alfenas-1.jpg","type":"image\/jpeg"}],"author":"Sintonize Aqui","twitter_card":"summary_large_image","twitter_misc":{"Escrito por":"Sintonize Aqui","Est. tempo de leitura":"5 minutos"},"schema":{"@context":"https:\/\/schema.org","@graph":[{"@type":"Article","@id":"https:\/\/sintonizeaqui.com.br\/sintonize\/operacao-em-clinica-neuropsiquiatrica-de-alfenas-resgata-sete-pessoas-e-leva-a-interdicao-parcial-da-unidade\/#article","isPartOf":{"@id":"https:\/\/sintonizeaqui.com.br\/sintonize\/operacao-em-clinica-neuropsiquiatrica-de-alfenas-resgata-sete-pessoas-e-leva-a-interdicao-parcial-da-unidade\/"},"author":{"name":"Sintonize Aqui","@id":"https:\/\/sintonizeaqui.com.br\/sintonize\/#\/schema\/person\/a11ed5ad987e446d168b6926254223ba"},"headline":"Opera\u00e7\u00e3o em cl\u00ednica neuropsiqui\u00e1trica de Alfenas resgata sete pessoas e leva \u00e0 interdi\u00e7\u00e3o parcial da unidade","datePublished":"2026-08-19T15:53:35+00:00","dateModified":"2026-08-19T15:53:38+00:00","mainEntityOfPage":{"@id":"https:\/\/sintonizeaqui.com.br\/sintonize\/operacao-em-clinica-neuropsiquiatrica-de-alfenas-resgata-sete-pessoas-e-leva-a-interdicao-parcial-da-unidade\/"},"wordCount":782,"publisher":{"@id":"https:\/\/sintonizeaqui.com.br\/sintonize\/#organization"},"image":{"@id":"https:\/\/sintonizeaqui.com.br\/sintonize\/operacao-em-clinica-neuropsiquiatrica-de-alfenas-resgata-sete-pessoas-e-leva-a-interdicao-parcial-da-unidade\/#primaryimage"},"thumbnailUrl":"https:\/\/sintonizeaqui.com.br\/sintonize\/wp-content\/uploads\/2026\/08\/MPMG-Clinica-Neuropsiquiatrica-de-Alfenas-1.jpg","articleSection":["Destaques","Policial"],"inLanguage":"pt-BR"},{"@type":"WebPage","@id":"https:\/\/sintonizeaqui.com.br\/sintonize\/operacao-em-clinica-neuropsiquiatrica-de-alfenas-resgata-sete-pessoas-e-leva-a-interdicao-parcial-da-unidade\/","url":"https:\/\/sintonizeaqui.com.br\/sintonize\/operacao-em-clinica-neuropsiquiatrica-de-alfenas-resgata-sete-pessoas-e-leva-a-interdicao-parcial-da-unidade\/","name":"Opera\u00e7\u00e3o em cl\u00ednica neuropsiqui\u00e1trica de Alfenas","isPartOf":{"@id":"https:\/\/sintonizeaqui.com.br\/sintonize\/#website"},"primaryImageOfPage":{"@id":"https:\/\/sintonizeaqui.com.br\/sintonize\/operacao-em-clinica-neuropsiquiatrica-de-alfenas-resgata-sete-pessoas-e-leva-a-interdicao-parcial-da-unidade\/#primaryimage"},"image":{"@id":"https:\/\/sintonizeaqui.com.br\/sintonize\/operacao-em-clinica-neuropsiquiatrica-de-alfenas-resgata-sete-pessoas-e-leva-a-interdicao-parcial-da-unidade\/#primaryimage"},"thumbnailUrl":"https:\/\/sintonizeaqui.com.br\/sintonize\/wp-content\/uploads\/2026\/08\/MPMG-Clinica-Neuropsiquiatrica-de-Alfenas-1.jpg","datePublished":"2026-08-19T15:53:35+00:00","dateModified":"2026-08-19T15:53:38+00:00","description":"Opera\u00e7\u00e3o em cl\u00ednica neuropsiqui\u00e1trica de Alfenas resgata sete pessoas e leva \u00e0 interdi\u00e7\u00e3o parcial da unidade","breadcrumb":{"@id":"https:\/\/sintonizeaqui.com.br\/sintonize\/operacao-em-clinica-neuropsiquiatrica-de-alfenas-resgata-sete-pessoas-e-leva-a-interdicao-parcial-da-unidade\/#breadcrumb"},"inLanguage":"pt-BR","potentialAction":[{"@type":"ReadAction","target":["https:\/\/sintonizeaqui.com.br\/sintonize\/operacao-em-clinica-neuropsiquiatrica-de-alfenas-resgata-sete-pessoas-e-leva-a-interdicao-parcial-da-unidade\/"]}]},{"@type":"ImageObject","inLanguage":"pt-BR","@id":"https:\/\/sintonizeaqui.com.br\/sintonize\/operacao-em-clinica-neuropsiquiatrica-de-alfenas-resgata-sete-pessoas-e-leva-a-interdicao-parcial-da-unidade\/#primaryimage","url":"https:\/\/sintonizeaqui.com.br\/sintonize\/wp-content\/uploads\/2026\/08\/MPMG-Clinica-Neuropsiquiatrica-de-Alfenas-1.jpg","contentUrl":"https:\/\/sintonizeaqui.com.br\/sintonize\/wp-content\/uploads\/2026\/08\/MPMG-Clinica-Neuropsiquiatrica-de-Alfenas-1.jpg","width":640,"height":426},{"@type":"BreadcrumbList","@id":"https:\/\/sintonizeaqui.com.br\/sintonize\/operacao-em-clinica-neuropsiquiatrica-de-alfenas-resgata-sete-pessoas-e-leva-a-interdicao-parcial-da-unidade\/#breadcrumb","itemListElement":[{"@type":"ListItem","position":1,"name":"In\u00edcio","item":"https:\/\/sintonizeaqui.com.br\/sintonize\/"},{"@type":"ListItem","position":2,"name":"Opera\u00e7\u00e3o em cl\u00ednica neuropsiqui\u00e1trica de Alfenas resgata sete pessoas e leva \u00e0 interdi\u00e7\u00e3o parcial da unidade"}]},{"@type":"WebSite","@id":"https:\/\/sintonizeaqui.com.br\/sintonize\/#website","url":"https:\/\/sintonizeaqui.com.br\/sintonize\/","name":"SintonizeAqui","description":"Not\u00edcias de Tr\u00eas Pontas e informa\u00e7\u00f5es \u00fateis para o trespontano!","publisher":{"@id":"https:\/\/sintonizeaqui.com.br\/sintonize\/#organization"},"potentialAction":[{"@type":"SearchAction","target":{"@type":"EntryPoint","urlTemplate":"https:\/\/sintonizeaqui.com.br\/sintonize\/?s={search_term_string}"},"query-input":{"@type":"PropertyValueSpecification","valueRequired":true,"valueName":"search_term_string"}}],"inLanguage":"pt-BR"},{"@type":"Organization","@id":"https:\/\/sintonizeaqui.com.br\/sintonize\/#organization","name":"SintonizeAqui","url":"https:\/\/sintonizeaqui.com.br\/sintonize\/","logo":{"@type":"ImageObject","inLanguage":"pt-BR","@id":"https:\/\/sintonizeaqui.com.br\/sintonize\/#\/schema\/logo\/image\/","url":"https:\/\/sintonizeaqui.com.br\/sintonize\/wp-content\/uploads\/2022\/01\/cropped-NovaLoja.jpeg","contentUrl":"https:\/\/sintonizeaqui.com.br\/sintonize\/wp-content\/uploads\/2022\/01\/cropped-NovaLoja.jpeg","width":528,"height":285,"caption":"SintonizeAqui"},"image":{"@id":"https:\/\/sintonizeaqui.com.br\/sintonize\/#\/schema\/logo\/image\/"},"sameAs":["https:\/\/pt-br.facebook.com\/Sintonizeaqui\/"]},{"@type":"Person","@id":"https:\/\/sintonizeaqui.com.br\/sintonize\/#\/schema\/person\/a11ed5ad987e446d168b6926254223ba","name":"Sintonize Aqui","image":{"@type":"ImageObject","inLanguage":"pt-BR","@id":"https:\/\/secure.gravatar.com\/avatar\/4f9604391ac50df73cbad665333b2dd11254c2673bfabb6aab9a00a317ab3fa3?s=96&d=mm&r=g","url":"https:\/\/secure.gravatar.com\/avatar\/4f9604391ac50df73cbad665333b2dd11254c2673bfabb6aab9a00a317ab3fa3?s=96&d=mm&r=g","contentUrl":"https:\/\/secure.gravatar.com\/avatar\/4f9604391ac50df73cbad665333b2dd11254c2673bfabb6aab9a00a317ab3fa3?s=96&d=mm&r=g","caption":"Sintonize Aqui"},"url":"https:\/\/sintonizeaqui.com.br\/sintonize\/author\/arlene\/"}]}},"_links":{"self":[{"href":"https:\/\/sintonizeaqui.com.br\/sintonize\/wp-json\/wp\/v2\/posts\/16552","targetHints":{"allow":["GET"]}}],"collection":[{"href":"https:\/\/sintonizeaqui.com.br\/sintonize\/wp-json\/wp\/v2\/posts"}],"about":[{"href":"https:\/\/sintonizeaqui.com.br\/sintonize\/wp-json\/wp\/v2\/types\/post"}],"author":[{"embeddable":true,"href":"https:\/\/sintonizeaqui.com.br\/sintonize\/wp-json\/wp\/v2\/users\/2"}],"replies":[{"embeddable":true,"href":"https:\/\/sintonizeaqui.com.br\/sintonize\/wp-json\/wp\/v2\/comments?post=16552"}],"version-history":[{"count":3,"href":"https:\/\/sintonizeaqui.com.br\/sintonize\/wp-json\/wp\/v2\/posts\/16552\/revisions"}],"predecessor-version":[{"id":16560,"href":"https:\/\/sintonizeaqui.com.br\/sintonize\/wp-json\/wp\/v2\/posts\/16552\/revisions\/16560"}],"wp:featuredmedia":[{"embeddable":true,"href":"https:\/\/sintonizeaqui.com.br\/sintonize\/wp-json\/wp\/v2\/media\/16554"}],"wp:attachment":[{"href":"https:\/\/sintonizeaqui.com.br\/sintonize\/wp-json\/wp\/v2\/media?parent=16552"}],"wp:term":[{"taxonomy":"category","embeddable":true,"href":"https:\/\/sintonizeaqui.com.br\/sintonize\/wp-json\/wp\/v2\/categories?post=16552"},{"taxonomy":"post_tag","embeddable":true,"href":"https:\/\/sintonizeaqui.com.br\/sintonize\/wp-json\/wp\/v2\/tags?post=16552"}],"curies":[{"name":"wp","href":"https:\/\/api.w.org\/{rel}","templated":true}]}}